{"id":13162,"date":"2024-10-08T15:53:53","date_gmt":"2024-10-08T13:53:53","guid":{"rendered":"https:\/\/emsaquimica.com\/?p=13162"},"modified":"2026-01-22T15:16:15","modified_gmt":"2026-01-22T14:16:15","slug":"distribucion-prolicell-actv-biotechnology-cosmetica-sostenible","status":"publish","type":"post","link":"https:\/\/emsaquimica.com\/fr\/2024\/10\/08\/distribucion-prolicell-actv-biotechnology-cosmetica-sostenible\/","title":{"rendered":"EMSA distribuera la gamme de produits ProliCell\u00ae d&rsquo;ACTV Biotechnology en Espagne"},"content":{"rendered":"<p>Nous poursuivons notre engagement en faveur de l&rsquo;innovation, avec l&rsquo;incorporation de cette nouvelle soci\u00e9t\u00e9, nous ajoutons \u00e0 notre portefeuille une ligne pionni\u00e8re de produits cosm\u00e9tiques utilisant la technologie des cellules souches v\u00e9g\u00e9tales, con\u00e7ue pour transformer les soins de la peau et faire la diff\u00e9rence dans le secteur.<\/p>\n<p>&nbsp;<\/p>\n<p>La soci\u00e9t\u00e9 turque <a href=\"https:\/\/actvbiotech.com\/\" target=\"_blank\" rel=\"noopener\">ACTV Biotechnology<\/a> est un leader mondial dans le d\u00e9veloppement d&rsquo;actifs cosm\u00e9tiques de haute qualit\u00e9, promouvant la durabilit\u00e9 et les soins de la peau gr\u00e2ce \u00e0 une recherche et un d\u00e9veloppement respectueux de l&rsquo;environnement.<\/p>\n<p>&nbsp;<\/p>\n<h2><span style=\"color: #62b5e5;\">Des cosm\u00e9tiques durables et innovants avec ProliCell\u00ae<\/span><\/h2>\n<p>&nbsp;<\/p>\n<p>Le syst\u00e8me brevet\u00e9 ProliCell\u00ae d&rsquo;ACTV Biotechnology a int\u00e9gr\u00e9 avec succ\u00e8s des cellules souches v\u00e9g\u00e9tales et des exomes, favorisant une r\u00e9g\u00e9n\u00e9ration cellulaire efficace et renforc\u00e9e. Ainsi, ses produits naturels ont \u00e9tabli de nouvelles normes dans l&rsquo;industrie cosm\u00e9tique en combinant biotechnologie avanc\u00e9e et durabilit\u00e9.<\/p>\n<p>&nbsp;<\/p>\n<h3><span style=\"color: #62b5e5;\">Quels sont les avantages des produits d&rsquo;ACTV Biotechnology pour le secteur cosm\u00e9tique?<\/span><\/h3>\n<p>&nbsp;<\/p>\n<ul>\n<li><strong>Puissance \u00e9lev\u00e9e et r\u00e9g\u00e9n\u00e9ration<\/strong> : Les cellules souches v\u00e9g\u00e9tales contiennent des antioxydants, des peptides et des facteurs de croissance en concentrations \u00e9lev\u00e9es, ce qui stimule la r\u00e9paration et la r\u00e9g\u00e9n\u00e9ration des cellules.<\/li>\n<li><strong>Compatibilit\u00e9 biologique<\/strong> : les ingr\u00e9dients naturels sont hautement compatibles avec la peau, ce qui r\u00e9duit le risque d&rsquo;irritation.<\/li>\n<li><strong>Durabilit\u00e9 et \u00e9thique<\/strong> : son approche \u00e9vite l&rsquo;utilisation excessive de plantes et de ressources naturelles, tout en respectant l&rsquo;environnement.<\/li>\n<li><strong>Innovation technologique<\/strong> : ProliCell\u00ae maximise l&rsquo;efficacit\u00e9 des produits cosm\u00e9tiques gr\u00e2ce \u00e0 l&rsquo;utilisation d&rsquo;exosomes et de petites mol\u00e9cules d&rsquo;ARN, am\u00e9liorant la stabilit\u00e9 et la p\u00e9n\u00e9tration des ingr\u00e9dients actifs.<\/li>\n<\/ul>\n<p>&nbsp;<\/p>\n<p>L&rsquo;accord avec ACTV Biotechnology est une \u00e9tape suppl\u00e9mentaire dans l&rsquo;engagement d&rsquo;Emsa pour le d\u00e9veloppement durable et la distribution de produits chimiques innovants et de qualit\u00e9. Pour voir la gamme compl\u00e8te de produits, rendez-vous sur notre <a href=\"https:\/\/emsaquimica.com\/fr\/proveedores\/actv\/\">page fournisseurs<\/a>.<\/p>\n<p>&nbsp;<\/p>\n<div class=\"elementor-element elementor-element-3ba0aff elementor-widget elementor-widget-heading\" data-id=\"3ba0aff\" data-element_type=\"widget\" data-widget_type=\"heading.default\">\n<div class=\"elementor-widget-container\">\n<p class=\"elementor-heading-title elementor-size-default\"><img decoding=\"async\" class=\"wp-image-15077 size-full alignleft\" src=\"https:\/\/emsaquimica.com\/wp-content\/uploads\/2022\/04\/Diseno-sin-titulo-28.png\" alt=\"Alberto Iglesias - Emsa Tecnolog\u00eda Qu\u00edmica\" width=\"116\" height=\"116\" \/><strong>Alberto Iglesias<\/strong><\/p>\n<\/div>\n<\/div>\n<div class=\"elementor-widget-container\">\n<p class=\"elementor-heading-title elementor-size-default\">DIRECTEUR DE L&rsquo;UNIT\u00c9 COMMERCIALE : PERFORMANCE<\/p>\n<\/div>\n<div class=\"elementor-element elementor-element-69f4878 elementor-align-left elementor-icon-list--layout-traditional elementor-list-item-link-full_width elementor-widget elementor-widget-icon-list\" data-id=\"69f4878\" data-element_type=\"widget\" data-widget_type=\"icon-list.default\">\n<div class=\"elementor-widget-container\">\n<p><i class=\"fas fa-phone-alt\" aria-hidden=\"true\"><\/i><span class=\"elementor-icon-list-text\"> (+34) <span data-teams=\"true\">616 288 709<\/span><\/span><\/p>\n<p><i class=\"fas fa-envelope\" aria-hidden=\"true\"><\/i><a href=\"mailto:aiglesias@emsaquimica.com\"><span class=\"elementor-icon-list-text\"> aiglesias@emsaquimica.com<\/span><\/a><\/p>\n<\/div>\n<\/div>\n","protected":false},"excerpt":{"rendered":"<p>EMSA distribuir\u00e1 en Espa\u00f1a la innovadora l\u00ednea ProliCell\u00ae de ACTV Biotechnology, basada en c\u00e9lulas madre vegetales para una cosm\u00e9tica m\u00e1s sostenible.<\/p>\n","protected":false},"author":11,"featured_media":13346,"comment_status":"open","ping_status":"open","sticky":false,"template":"","format":"standard","meta":{"_acf_changed":false,"footnotes":""},"categories":[102,87,88,89,90],"tags":[],"class_list":["post-13162","post","type-post","status-publish","format-standard","has-post-thumbnail","hentry","category-general-fr","category-performance-chemicals-fr","category-productos-fr","category-proveedores-fr","category-representadas-fr"],"acf":[],"yoast_head":"<!-- This site is optimized with the Yoast SEO plugin v27.5 - https:\/\/yoast.com\/product\/yoast-seo-wordpress\/ -->\n<title>EMSA distribuera la gamme de produits ProliCell\u00ae d&#039;ACTV Biotechnology en Espagne - Emsa<\/title>\n<meta name=\"description\" content=\"EMSA Tecnolog\u00eda Qu\u00edmica distribuir\u00e1 en Espa\u00f1a la l\u00ednea ProliCell\u00ae de ACTV Biotechnology, revolucionando la cosm\u00e9tica sostenible con tecnolog\u00eda de c\u00e9lulas madre vegetales. \u00a1Inf\u00f3rmate aqu\u00ed!\" \/>\n<meta name=\"robots\" content=\"index, follow, max-snippet:-1, max-image-preview:large, max-video-preview:-1\" \/>\n<link rel=\"canonical\" href=\"https:\/\/emsaquimica.com\/fr\/2024\/10\/08\/distribucion-prolicell-actv-biotechnology-cosmetica-sostenible\/\" \/>\n<meta property=\"og:locale\" content=\"fr_FR\" \/>\n<meta property=\"og:type\" content=\"article\" \/>\n<meta property=\"og:title\" content=\"EMSA distribuera la gamme de produits ProliCell\u00ae d&#039;ACTV Biotechnology en Espagne - Emsa\" \/>\n<meta property=\"og:description\" content=\"EMSA Tecnolog\u00eda Qu\u00edmica distribuir\u00e1 en Espa\u00f1a la l\u00ednea ProliCell\u00ae de ACTV Biotechnology, revolucionando la cosm\u00e9tica sostenible con tecnolog\u00eda de c\u00e9lulas madre vegetales. \u00a1Inf\u00f3rmate aqu\u00ed!\" \/>\n<meta property=\"og:url\" content=\"https:\/\/emsaquimica.com\/fr\/2024\/10\/08\/distribucion-prolicell-actv-biotechnology-cosmetica-sostenible\/\" \/>\n<meta property=\"og:site_name\" content=\"Emsa\" \/>\n<meta property=\"article:published_time\" content=\"2024-10-08T13:53:53+00:00\" \/>\n<meta property=\"article:modified_time\" content=\"2026-01-22T14:16:15+00:00\" \/>\n<meta property=\"og:image\" content=\"https:\/\/emsaquimica.com\/wp-content\/uploads\/2024\/10\/actv_logo-tq.png\" \/>\n\t<meta property=\"og:image:width\" content=\"1100\" \/>\n\t<meta property=\"og:image:height\" content=\"600\" \/>\n\t<meta property=\"og:image:type\" content=\"image\/png\" \/>\n<meta name=\"author\" content=\"Marc Castell\" \/>\n<meta name=\"twitter:card\" content=\"summary_large_image\" \/>\n<meta name=\"twitter:label1\" content=\"\u00c9crit par\" \/>\n\t<meta name=\"twitter:data1\" content=\"Marc Castell\" \/>\n\t<meta name=\"twitter:label2\" content=\"Dur\u00e9e de lecture estim\u00e9e\" \/>\n\t<meta name=\"twitter:data2\" content=\"2 minutes\" \/>\n<script type=\"application\/ld+json\" class=\"yoast-schema-graph\">{\"@context\":\"https:\\\/\\\/schema.org\",\"@graph\":[{\"@type\":\"Article\",\"@id\":\"https:\\\/\\\/emsaquimica.com\\\/fr\\\/2024\\\/10\\\/08\\\/distribucion-prolicell-actv-biotechnology-cosmetica-sostenible\\\/#article\",\"isPartOf\":{\"@id\":\"https:\\\/\\\/emsaquimica.com\\\/fr\\\/2024\\\/10\\\/08\\\/distribucion-prolicell-actv-biotechnology-cosmetica-sostenible\\\/\"},\"author\":{\"name\":\"Marc Castell\",\"@id\":\"https:\\\/\\\/emsaquimica.com\\\/fr\\\/#\\\/schema\\\/person\\\/5efc54570501cef4d13995085733129c\"},\"headline\":\"EMSA distribuera la gamme de produits ProliCell\u00ae d&rsquo;ACTV Biotechnology en Espagne\",\"datePublished\":\"2024-10-08T13:53:53+00:00\",\"dateModified\":\"2026-01-22T14:16:15+00:00\",\"mainEntityOfPage\":{\"@id\":\"https:\\\/\\\/emsaquimica.com\\\/fr\\\/2024\\\/10\\\/08\\\/distribucion-prolicell-actv-biotechnology-cosmetica-sostenible\\\/\"},\"wordCount\":365,\"commentCount\":0,\"publisher\":{\"@id\":\"https:\\\/\\\/emsaquimica.com\\\/fr\\\/#organization\"},\"image\":{\"@id\":\"https:\\\/\\\/emsaquimica.com\\\/fr\\\/2024\\\/10\\\/08\\\/distribucion-prolicell-actv-biotechnology-cosmetica-sostenible\\\/#primaryimage\"},\"thumbnailUrl\":\"https:\\\/\\\/emsaquimica.com\\\/wp-content\\\/uploads\\\/2024\\\/10\\\/actv_logo-tq.png\",\"articleSection\":[\"GENERAL\",\"PERFORMANCE CHEMICALS\",\"PRODUCTOS\",\"PROVEEDORES\",\"REPRESENTADAS\"],\"inLanguage\":\"fr-FR\",\"potentialAction\":[{\"@type\":\"CommentAction\",\"name\":\"Comment\",\"target\":[\"https:\\\/\\\/emsaquimica.com\\\/fr\\\/2024\\\/10\\\/08\\\/distribucion-prolicell-actv-biotechnology-cosmetica-sostenible\\\/#respond\"]}]},{\"@type\":\"WebPage\",\"@id\":\"https:\\\/\\\/emsaquimica.com\\\/fr\\\/2024\\\/10\\\/08\\\/distribucion-prolicell-actv-biotechnology-cosmetica-sostenible\\\/\",\"url\":\"https:\\\/\\\/emsaquimica.com\\\/fr\\\/2024\\\/10\\\/08\\\/distribucion-prolicell-actv-biotechnology-cosmetica-sostenible\\\/\",\"name\":\"EMSA distribuera la gamme de produits ProliCell\u00ae d'ACTV Biotechnology en Espagne - Emsa\",\"isPartOf\":{\"@id\":\"https:\\\/\\\/emsaquimica.com\\\/fr\\\/#website\"},\"primaryImageOfPage\":{\"@id\":\"https:\\\/\\\/emsaquimica.com\\\/fr\\\/2024\\\/10\\\/08\\\/distribucion-prolicell-actv-biotechnology-cosmetica-sostenible\\\/#primaryimage\"},\"image\":{\"@id\":\"https:\\\/\\\/emsaquimica.com\\\/fr\\\/2024\\\/10\\\/08\\\/distribucion-prolicell-actv-biotechnology-cosmetica-sostenible\\\/#primaryimage\"},\"thumbnailUrl\":\"https:\\\/\\\/emsaquimica.com\\\/wp-content\\\/uploads\\\/2024\\\/10\\\/actv_logo-tq.png\",\"datePublished\":\"2024-10-08T13:53:53+00:00\",\"dateModified\":\"2026-01-22T14:16:15+00:00\",\"description\":\"EMSA Tecnolog\u00eda Qu\u00edmica distribuir\u00e1 en Espa\u00f1a la l\u00ednea ProliCell\u00ae de ACTV Biotechnology, revolucionando la cosm\u00e9tica sostenible con tecnolog\u00eda de c\u00e9lulas madre vegetales. \u00a1Inf\u00f3rmate aqu\u00ed!\",\"breadcrumb\":{\"@id\":\"https:\\\/\\\/emsaquimica.com\\\/fr\\\/2024\\\/10\\\/08\\\/distribucion-prolicell-actv-biotechnology-cosmetica-sostenible\\\/#breadcrumb\"},\"inLanguage\":\"fr-FR\",\"potentialAction\":[{\"@type\":\"ReadAction\",\"target\":[\"https:\\\/\\\/emsaquimica.com\\\/fr\\\/2024\\\/10\\\/08\\\/distribucion-prolicell-actv-biotechnology-cosmetica-sostenible\\\/\"]}]},{\"@type\":\"ImageObject\",\"inLanguage\":\"fr-FR\",\"@id\":\"https:\\\/\\\/emsaquimica.com\\\/fr\\\/2024\\\/10\\\/08\\\/distribucion-prolicell-actv-biotechnology-cosmetica-sostenible\\\/#primaryimage\",\"url\":\"https:\\\/\\\/emsaquimica.com\\\/wp-content\\\/uploads\\\/2024\\\/10\\\/actv_logo-tq.png\",\"contentUrl\":\"https:\\\/\\\/emsaquimica.com\\\/wp-content\\\/uploads\\\/2024\\\/10\\\/actv_logo-tq.png\",\"width\":1100,\"height\":600},{\"@type\":\"BreadcrumbList\",\"@id\":\"https:\\\/\\\/emsaquimica.com\\\/fr\\\/2024\\\/10\\\/08\\\/distribucion-prolicell-actv-biotechnology-cosmetica-sostenible\\\/#breadcrumb\",\"itemListElement\":[{\"@type\":\"ListItem\",\"position\":1,\"name\":\"Portada\",\"item\":\"https:\\\/\\\/emsaquimica.com\\\/fr\\\/\"},{\"@type\":\"ListItem\",\"position\":2,\"name\":\"EMSA distribuera la gamme de produits ProliCell\u00ae d&#8217;ACTV Biotechnology en Espagne\"}]},{\"@type\":\"WebSite\",\"@id\":\"https:\\\/\\\/emsaquimica.com\\\/fr\\\/#website\",\"url\":\"https:\\\/\\\/emsaquimica.com\\\/fr\\\/\",\"name\":\"Emsa\",\"description\":\"Committed Chemistry\",\"publisher\":{\"@id\":\"https:\\\/\\\/emsaquimica.com\\\/fr\\\/#organization\"},\"potentialAction\":[{\"@type\":\"SearchAction\",\"target\":{\"@type\":\"EntryPoint\",\"urlTemplate\":\"https:\\\/\\\/emsaquimica.com\\\/fr\\\/?s={search_term_string}\"},\"query-input\":{\"@type\":\"PropertyValueSpecification\",\"valueRequired\":true,\"valueName\":\"search_term_string\"}}],\"inLanguage\":\"fr-FR\"},{\"@type\":\"Organization\",\"@id\":\"https:\\\/\\\/emsaquimica.com\\\/fr\\\/#organization\",\"name\":\"Emsa\",\"url\":\"https:\\\/\\\/emsaquimica.com\\\/fr\\\/\",\"logo\":{\"@type\":\"ImageObject\",\"inLanguage\":\"fr-FR\",\"@id\":\"https:\\\/\\\/emsaquimica.com\\\/fr\\\/#\\\/schema\\\/logo\\\/image\\\/\",\"url\":\"https:\\\/\\\/emsaquimica.com\\\/wp-content\\\/uploads\\\/2021\\\/11\\\/Logo-Emsa.svg\",\"contentUrl\":\"https:\\\/\\\/emsaquimica.com\\\/wp-content\\\/uploads\\\/2021\\\/11\\\/Logo-Emsa.svg\",\"width\":200,\"height\":50,\"caption\":\"Emsa\"},\"image\":{\"@id\":\"https:\\\/\\\/emsaquimica.com\\\/fr\\\/#\\\/schema\\\/logo\\\/image\\\/\"}},{\"@type\":\"Person\",\"@id\":\"https:\\\/\\\/emsaquimica.com\\\/fr\\\/#\\\/schema\\\/person\\\/5efc54570501cef4d13995085733129c\",\"name\":\"Marc Castell\",\"image\":{\"@type\":\"ImageObject\",\"inLanguage\":\"fr-FR\",\"@id\":\"https:\\\/\\\/secure.gravatar.com\\\/avatar\\\/c50180f69a8a1042ec953af36d7eecf5d85fa2ff7922a3b29ee8a4c5d72c4c60?s=96&d=mm&r=g\",\"url\":\"https:\\\/\\\/secure.gravatar.com\\\/avatar\\\/c50180f69a8a1042ec953af36d7eecf5d85fa2ff7922a3b29ee8a4c5d72c4c60?s=96&d=mm&r=g\",\"contentUrl\":\"https:\\\/\\\/secure.gravatar.com\\\/avatar\\\/c50180f69a8a1042ec953af36d7eecf5d85fa2ff7922a3b29ee8a4c5d72c4c60?s=96&d=mm&r=g\",\"caption\":\"Marc Castell\"},\"url\":\"https:\\\/\\\/emsaquimica.com\\\/fr\\\/author\\\/mcastellemsaquimica-com\\\/\"}]}<\/script>\n<!-- \/ Yoast SEO plugin. -->","yoast_head_json":{"title":"EMSA distribuera la gamme de produits ProliCell\u00ae d'ACTV Biotechnology en Espagne - Emsa","description":"EMSA Tecnolog\u00eda Qu\u00edmica distribuir\u00e1 en Espa\u00f1a la l\u00ednea ProliCell\u00ae de ACTV Biotechnology, revolucionando la cosm\u00e9tica sostenible con tecnolog\u00eda de c\u00e9lulas madre vegetales. \u00a1Inf\u00f3rmate aqu\u00ed!","robots":{"index":"index","follow":"follow","max-snippet":"max-snippet:-1","max-image-preview":"max-image-preview:large","max-video-preview":"max-video-preview:-1"},"canonical":"https:\/\/emsaquimica.com\/fr\/2024\/10\/08\/distribucion-prolicell-actv-biotechnology-cosmetica-sostenible\/","og_locale":"fr_FR","og_type":"article","og_title":"EMSA distribuera la gamme de produits ProliCell\u00ae d'ACTV Biotechnology en Espagne - Emsa","og_description":"EMSA Tecnolog\u00eda Qu\u00edmica distribuir\u00e1 en Espa\u00f1a la l\u00ednea ProliCell\u00ae de ACTV Biotechnology, revolucionando la cosm\u00e9tica sostenible con tecnolog\u00eda de c\u00e9lulas madre vegetales. \u00a1Inf\u00f3rmate aqu\u00ed!","og_url":"https:\/\/emsaquimica.com\/fr\/2024\/10\/08\/distribucion-prolicell-actv-biotechnology-cosmetica-sostenible\/","og_site_name":"Emsa","article_published_time":"2024-10-08T13:53:53+00:00","article_modified_time":"2026-01-22T14:16:15+00:00","og_image":[{"width":1100,"height":600,"url":"https:\/\/emsaquimica.com\/wp-content\/uploads\/2024\/10\/actv_logo-tq.png","type":"image\/png"}],"author":"Marc Castell","twitter_card":"summary_large_image","twitter_misc":{"\u00c9crit par":"Marc Castell","Dur\u00e9e de lecture estim\u00e9e":"2 minutes"},"schema":{"@context":"https:\/\/schema.org","@graph":[{"@type":"Article","@id":"https:\/\/emsaquimica.com\/fr\/2024\/10\/08\/distribucion-prolicell-actv-biotechnology-cosmetica-sostenible\/#article","isPartOf":{"@id":"https:\/\/emsaquimica.com\/fr\/2024\/10\/08\/distribucion-prolicell-actv-biotechnology-cosmetica-sostenible\/"},"author":{"name":"Marc Castell","@id":"https:\/\/emsaquimica.com\/fr\/#\/schema\/person\/5efc54570501cef4d13995085733129c"},"headline":"EMSA distribuera la gamme de produits ProliCell\u00ae d&rsquo;ACTV Biotechnology en Espagne","datePublished":"2024-10-08T13:53:53+00:00","dateModified":"2026-01-22T14:16:15+00:00","mainEntityOfPage":{"@id":"https:\/\/emsaquimica.com\/fr\/2024\/10\/08\/distribucion-prolicell-actv-biotechnology-cosmetica-sostenible\/"},"wordCount":365,"commentCount":0,"publisher":{"@id":"https:\/\/emsaquimica.com\/fr\/#organization"},"image":{"@id":"https:\/\/emsaquimica.com\/fr\/2024\/10\/08\/distribucion-prolicell-actv-biotechnology-cosmetica-sostenible\/#primaryimage"},"thumbnailUrl":"https:\/\/emsaquimica.com\/wp-content\/uploads\/2024\/10\/actv_logo-tq.png","articleSection":["GENERAL","PERFORMANCE CHEMICALS","PRODUCTOS","PROVEEDORES","REPRESENTADAS"],"inLanguage":"fr-FR","potentialAction":[{"@type":"CommentAction","name":"Comment","target":["https:\/\/emsaquimica.com\/fr\/2024\/10\/08\/distribucion-prolicell-actv-biotechnology-cosmetica-sostenible\/#respond"]}]},{"@type":"WebPage","@id":"https:\/\/emsaquimica.com\/fr\/2024\/10\/08\/distribucion-prolicell-actv-biotechnology-cosmetica-sostenible\/","url":"https:\/\/emsaquimica.com\/fr\/2024\/10\/08\/distribucion-prolicell-actv-biotechnology-cosmetica-sostenible\/","name":"EMSA distribuera la gamme de produits ProliCell\u00ae d'ACTV Biotechnology en Espagne - Emsa","isPartOf":{"@id":"https:\/\/emsaquimica.com\/fr\/#website"},"primaryImageOfPage":{"@id":"https:\/\/emsaquimica.com\/fr\/2024\/10\/08\/distribucion-prolicell-actv-biotechnology-cosmetica-sostenible\/#primaryimage"},"image":{"@id":"https:\/\/emsaquimica.com\/fr\/2024\/10\/08\/distribucion-prolicell-actv-biotechnology-cosmetica-sostenible\/#primaryimage"},"thumbnailUrl":"https:\/\/emsaquimica.com\/wp-content\/uploads\/2024\/10\/actv_logo-tq.png","datePublished":"2024-10-08T13:53:53+00:00","dateModified":"2026-01-22T14:16:15+00:00","description":"EMSA Tecnolog\u00eda Qu\u00edmica distribuir\u00e1 en Espa\u00f1a la l\u00ednea ProliCell\u00ae de ACTV Biotechnology, revolucionando la cosm\u00e9tica sostenible con tecnolog\u00eda de c\u00e9lulas madre vegetales. \u00a1Inf\u00f3rmate aqu\u00ed!","breadcrumb":{"@id":"https:\/\/emsaquimica.com\/fr\/2024\/10\/08\/distribucion-prolicell-actv-biotechnology-cosmetica-sostenible\/#breadcrumb"},"inLanguage":"fr-FR","potentialAction":[{"@type":"ReadAction","target":["https:\/\/emsaquimica.com\/fr\/2024\/10\/08\/distribucion-prolicell-actv-biotechnology-cosmetica-sostenible\/"]}]},{"@type":"ImageObject","inLanguage":"fr-FR","@id":"https:\/\/emsaquimica.com\/fr\/2024\/10\/08\/distribucion-prolicell-actv-biotechnology-cosmetica-sostenible\/#primaryimage","url":"https:\/\/emsaquimica.com\/wp-content\/uploads\/2024\/10\/actv_logo-tq.png","contentUrl":"https:\/\/emsaquimica.com\/wp-content\/uploads\/2024\/10\/actv_logo-tq.png","width":1100,"height":600},{"@type":"BreadcrumbList","@id":"https:\/\/emsaquimica.com\/fr\/2024\/10\/08\/distribucion-prolicell-actv-biotechnology-cosmetica-sostenible\/#breadcrumb","itemListElement":[{"@type":"ListItem","position":1,"name":"Portada","item":"https:\/\/emsaquimica.com\/fr\/"},{"@type":"ListItem","position":2,"name":"EMSA distribuera la gamme de produits ProliCell\u00ae d&#8217;ACTV Biotechnology en Espagne"}]},{"@type":"WebSite","@id":"https:\/\/emsaquimica.com\/fr\/#website","url":"https:\/\/emsaquimica.com\/fr\/","name":"Emsa","description":"Committed Chemistry","publisher":{"@id":"https:\/\/emsaquimica.com\/fr\/#organization"},"potentialAction":[{"@type":"SearchAction","target":{"@type":"EntryPoint","urlTemplate":"https:\/\/emsaquimica.com\/fr\/?s={search_term_string}"},"query-input":{"@type":"PropertyValueSpecification","valueRequired":true,"valueName":"search_term_string"}}],"inLanguage":"fr-FR"},{"@type":"Organization","@id":"https:\/\/emsaquimica.com\/fr\/#organization","name":"Emsa","url":"https:\/\/emsaquimica.com\/fr\/","logo":{"@type":"ImageObject","inLanguage":"fr-FR","@id":"https:\/\/emsaquimica.com\/fr\/#\/schema\/logo\/image\/","url":"https:\/\/emsaquimica.com\/wp-content\/uploads\/2021\/11\/Logo-Emsa.svg","contentUrl":"https:\/\/emsaquimica.com\/wp-content\/uploads\/2021\/11\/Logo-Emsa.svg","width":200,"height":50,"caption":"Emsa"},"image":{"@id":"https:\/\/emsaquimica.com\/fr\/#\/schema\/logo\/image\/"}},{"@type":"Person","@id":"https:\/\/emsaquimica.com\/fr\/#\/schema\/person\/5efc54570501cef4d13995085733129c","name":"Marc Castell","image":{"@type":"ImageObject","inLanguage":"fr-FR","@id":"https:\/\/secure.gravatar.com\/avatar\/c50180f69a8a1042ec953af36d7eecf5d85fa2ff7922a3b29ee8a4c5d72c4c60?s=96&d=mm&r=g","url":"https:\/\/secure.gravatar.com\/avatar\/c50180f69a8a1042ec953af36d7eecf5d85fa2ff7922a3b29ee8a4c5d72c4c60?s=96&d=mm&r=g","contentUrl":"https:\/\/secure.gravatar.com\/avatar\/c50180f69a8a1042ec953af36d7eecf5d85fa2ff7922a3b29ee8a4c5d72c4c60?s=96&d=mm&r=g","caption":"Marc Castell"},"url":"https:\/\/emsaquimica.com\/fr\/author\/mcastellemsaquimica-com\/"}]}},"_links":{"self":[{"href":"https:\/\/emsaquimica.com\/fr\/wp-json\/wp\/v2\/posts\/13162","targetHints":{"allow":["GET"]}}],"collection":[{"href":"https:\/\/emsaquimica.com\/fr\/wp-json\/wp\/v2\/posts"}],"about":[{"href":"https:\/\/emsaquimica.com\/fr\/wp-json\/wp\/v2\/types\/post"}],"author":[{"embeddable":true,"href":"https:\/\/emsaquimica.com\/fr\/wp-json\/wp\/v2\/users\/11"}],"replies":[{"embeddable":true,"href":"https:\/\/emsaquimica.com\/fr\/wp-json\/wp\/v2\/comments?post=13162"}],"version-history":[{"count":7,"href":"https:\/\/emsaquimica.com\/fr\/wp-json\/wp\/v2\/posts\/13162\/revisions"}],"predecessor-version":[{"id":15097,"href":"https:\/\/emsaquimica.com\/fr\/wp-json\/wp\/v2\/posts\/13162\/revisions\/15097"}],"wp:featuredmedia":[{"embeddable":true,"href":"https:\/\/emsaquimica.com\/fr\/wp-json\/wp\/v2\/media\/13346"}],"wp:attachment":[{"href":"https:\/\/emsaquimica.com\/fr\/wp-json\/wp\/v2\/media?parent=13162"}],"wp:term":[{"taxonomy":"category","embeddable":true,"href":"https:\/\/emsaquimica.com\/fr\/wp-json\/wp\/v2\/categories?post=13162"},{"taxonomy":"post_tag","embeddable":true,"href":"https:\/\/emsaquimica.com\/fr\/wp-json\/wp\/v2\/tags?post=13162"}],"curies":[{"name":"wp","href":"https:\/\/api.w.org\/{rel}","templated":true}]}}