{"id":14679,"date":"2025-09-30T13:23:42","date_gmt":"2025-09-30T11:23:42","guid":{"rendered":"https:\/\/emsaquimica.com\/?p=14679"},"modified":"2025-09-30T13:28:24","modified_gmt":"2025-09-30T11:28:24","slug":"emsa-participe-au-world-cleanup-day-2025","status":"publish","type":"post","link":"https:\/\/emsaquimica.com\/fr\/2025\/09\/30\/emsa-participe-au-world-cleanup-day-2025\/","title":{"rendered":"Emsa participe au World Cleanup Day 2025"},"content":{"rendered":"<p data-start=\"160\" data-end=\"430\">Le <strong data-start=\"163\" data-end=\"196\">vendredi 26 septembre dernier<\/strong>, nous avons c\u00e9l\u00e9br\u00e9 pour la quatri\u00e8me ann\u00e9e cons\u00e9cutive le <a href=\"https:\/\/www.worldcleanupday.org\/\"><strong data-start=\"256\" data-end=\"277\">World Cleanup Day<\/strong><\/a>, un mouvement mondial qui r\u00e9unit des millions de personnes dans <strong data-start=\"342\" data-end=\"354\">191 pays<\/strong> autour d\u2019un m\u00eame objectif : \u0153uvrer ensemble pour une plan\u00e8te plus propre.<\/p>\n<p data-start=\"432\" data-end=\"646\">Cette ann\u00e9e, l\u2019\u00e9v\u00e9nement s\u2019est tenu au <strong data-start=\"471\" data-end=\"513\">Parc Puigcornet \u00e0 Igualada (Barcelone)<\/strong> et a mis l\u2019accent sur un objectif diff\u00e9rent : <strong data-start=\"560\" data-end=\"606\">apprendre \u00e0 trier correctement les d\u00e9chets<\/strong> afin d\u2019assurer leur gestion ad\u00e9quate.<\/p>\n<p data-start=\"648\" data-end=\"906\">Gr\u00e2ce \u00e0 cette formation pratique, nous avons non seulement contribu\u00e9 au nettoyage de l\u2019environnement, mais aussi renforc\u00e9 notre engagement en faveur de la <strong data-start=\"803\" data-end=\"838\">gestion responsable des d\u00e9chets<\/strong> et de la durabilit\u00e9 dans le cadre de notre strat\u00e9gie <strong data-start=\"892\" data-end=\"903\">We Care<\/strong>.<\/p>\n<p data-start=\"908\" data-end=\"1228\">Chez <strong data-start=\"913\" data-end=\"940\">Emsa Tecnolog\u00eda Qu\u00edmica<\/strong>, nous consid\u00e9rons la durabilit\u00e9 comme une valeur transversale qui doit guider toutes nos activit\u00e9s. Participer \u00e0 des initiatives comme le World Cleanup Day nous permet de mettre cet engagement en pratique en impliquant toute l\u2019\u00e9quipe dans la construction d\u2019habitudes plus responsables.<\/p>\n<p data-start=\"1230\" data-end=\"1413\">\ud83d\udc4f Merci \u00e0 tout le <strong data-start=\"1249\" data-end=\"1262\">#EmsaTeam<\/strong> pour son implication et son enthousiasme. Une fois de plus, nous avons d\u00e9montr\u00e9 que <strong data-start=\"1347\" data-end=\"1371\">chaque action compte<\/strong> pour construire un avenir plus durable.<\/p>\n<p data-start=\"1415\" data-end=\"1445\">\ud83c\udf0d <em data-start=\"1418\" data-end=\"1443\">We Care About the World<\/em><\/p>\n","protected":false},"excerpt":{"rendered":"<p>Emsa a particip\u00e9 au World Cleanup Day 2025 au Parc Puigcornet \u00e0 Igualada. Cette \u00e9dition a \u00e9t\u00e9 consacr\u00e9e \u00e0 l\u2019apprentissage du tri correct des d\u00e9chets, renfor\u00e7ant ainsi notre engagement pour la durabilit\u00e9 dans le cadre de la strat\u00e9gie We Care.<\/p>\n","protected":false},"author":12,"featured_media":14674,"comment_status":"open","ping_status":"open","sticky":false,"template":"","format":"standard","meta":{"_acf_changed":false,"footnotes":""},"categories":[102,111],"tags":[],"class_list":["post-14679","post","type-post","status-publish","format-standard","has-post-thumbnail","hentry","category-general-fr","category-sostenibilidad-fr"],"acf":[],"yoast_head":"<!-- This site is optimized with the Yoast SEO plugin v27.5 - https:\/\/yoast.com\/product\/yoast-seo-wordpress\/ -->\n<title>Emsa participe au World Cleanup Day 2025 - Emsa<\/title>\n<meta name=\"description\" content=\"Emsa participe pour la quatri\u00e8me fois au World Cleanup Day et renforce son engagement en faveur de la durabilit\u00e9 et de la gestion responsable des d\u00e9chets.\" \/>\n<meta name=\"robots\" content=\"index, follow, max-snippet:-1, max-image-preview:large, max-video-preview:-1\" \/>\n<link rel=\"canonical\" href=\"https:\/\/emsaquimica.com\/fr\/2025\/09\/30\/emsa-participe-au-world-cleanup-day-2025\/\" \/>\n<meta property=\"og:locale\" content=\"fr_FR\" \/>\n<meta property=\"og:type\" content=\"article\" \/>\n<meta property=\"og:title\" content=\"Emsa participe au World Cleanup Day 2025 - Emsa\" \/>\n<meta property=\"og:description\" content=\"Emsa participe pour la quatri\u00e8me fois au World Cleanup Day et renforce son engagement en faveur de la durabilit\u00e9 et de la gestion responsable des d\u00e9chets.\" \/>\n<meta property=\"og:url\" content=\"https:\/\/emsaquimica.com\/fr\/2025\/09\/30\/emsa-participe-au-world-cleanup-day-2025\/\" \/>\n<meta property=\"og:site_name\" content=\"Emsa\" \/>\n<meta property=\"article:published_time\" content=\"2025-09-30T11:23:42+00:00\" \/>\n<meta property=\"article:modified_time\" content=\"2025-09-30T11:28:24+00:00\" \/>\n<meta property=\"og:image\" content=\"https:\/\/emsaquimica.com\/wp-content\/uploads\/2025\/09\/BLOG-4-1024x704.png\" \/>\n\t<meta property=\"og:image:width\" content=\"1024\" \/>\n\t<meta property=\"og:image:height\" content=\"704\" \/>\n\t<meta property=\"og:image:type\" content=\"image\/png\" \/>\n<meta name=\"author\" content=\"Marina Gimenez\" \/>\n<meta name=\"twitter:card\" content=\"summary_large_image\" \/>\n<meta name=\"twitter:label1\" content=\"\u00c9crit par\" \/>\n\t<meta name=\"twitter:data1\" content=\"Marina Gimenez\" \/>\n\t<meta name=\"twitter:label2\" content=\"Dur\u00e9e de lecture estim\u00e9e\" \/>\n\t<meta name=\"twitter:data2\" content=\"2 minutes\" \/>\n<script type=\"application\/ld+json\" class=\"yoast-schema-graph\">{\"@context\":\"https:\\\/\\\/schema.org\",\"@graph\":[{\"@type\":\"Article\",\"@id\":\"https:\\\/\\\/emsaquimica.com\\\/fr\\\/2025\\\/09\\\/30\\\/emsa-participe-au-world-cleanup-day-2025\\\/#article\",\"isPartOf\":{\"@id\":\"https:\\\/\\\/emsaquimica.com\\\/fr\\\/2025\\\/09\\\/30\\\/emsa-participe-au-world-cleanup-day-2025\\\/\"},\"author\":{\"name\":\"Marina Gimenez\",\"@id\":\"https:\\\/\\\/emsaquimica.com\\\/fr\\\/#\\\/schema\\\/person\\\/427369c3666537b67fa259fbe589383e\"},\"headline\":\"Emsa participe au World Cleanup Day 2025\",\"datePublished\":\"2025-09-30T11:23:42+00:00\",\"dateModified\":\"2025-09-30T11:28:24+00:00\",\"mainEntityOfPage\":{\"@id\":\"https:\\\/\\\/emsaquimica.com\\\/fr\\\/2025\\\/09\\\/30\\\/emsa-participe-au-world-cleanup-day-2025\\\/\"},\"wordCount\":215,\"commentCount\":0,\"publisher\":{\"@id\":\"https:\\\/\\\/emsaquimica.com\\\/fr\\\/#organization\"},\"image\":{\"@id\":\"https:\\\/\\\/emsaquimica.com\\\/fr\\\/2025\\\/09\\\/30\\\/emsa-participe-au-world-cleanup-day-2025\\\/#primaryimage\"},\"thumbnailUrl\":\"https:\\\/\\\/emsaquimica.com\\\/wp-content\\\/uploads\\\/2025\\\/09\\\/BLOG-4.png\",\"articleSection\":[\"GENERAL\",\"SOSTENIBILIDAD\"],\"inLanguage\":\"fr-FR\",\"potentialAction\":[{\"@type\":\"CommentAction\",\"name\":\"Comment\",\"target\":[\"https:\\\/\\\/emsaquimica.com\\\/fr\\\/2025\\\/09\\\/30\\\/emsa-participe-au-world-cleanup-day-2025\\\/#respond\"]}]},{\"@type\":\"WebPage\",\"@id\":\"https:\\\/\\\/emsaquimica.com\\\/fr\\\/2025\\\/09\\\/30\\\/emsa-participe-au-world-cleanup-day-2025\\\/\",\"url\":\"https:\\\/\\\/emsaquimica.com\\\/fr\\\/2025\\\/09\\\/30\\\/emsa-participe-au-world-cleanup-day-2025\\\/\",\"name\":\"Emsa participe au World Cleanup Day 2025 - Emsa\",\"isPartOf\":{\"@id\":\"https:\\\/\\\/emsaquimica.com\\\/fr\\\/#website\"},\"primaryImageOfPage\":{\"@id\":\"https:\\\/\\\/emsaquimica.com\\\/fr\\\/2025\\\/09\\\/30\\\/emsa-participe-au-world-cleanup-day-2025\\\/#primaryimage\"},\"image\":{\"@id\":\"https:\\\/\\\/emsaquimica.com\\\/fr\\\/2025\\\/09\\\/30\\\/emsa-participe-au-world-cleanup-day-2025\\\/#primaryimage\"},\"thumbnailUrl\":\"https:\\\/\\\/emsaquimica.com\\\/wp-content\\\/uploads\\\/2025\\\/09\\\/BLOG-4.png\",\"datePublished\":\"2025-09-30T11:23:42+00:00\",\"dateModified\":\"2025-09-30T11:28:24+00:00\",\"description\":\"Emsa participe pour la quatri\u00e8me fois au World Cleanup Day et renforce son engagement en faveur de la durabilit\u00e9 et de la gestion responsable des d\u00e9chets.\",\"breadcrumb\":{\"@id\":\"https:\\\/\\\/emsaquimica.com\\\/fr\\\/2025\\\/09\\\/30\\\/emsa-participe-au-world-cleanup-day-2025\\\/#breadcrumb\"},\"inLanguage\":\"fr-FR\",\"potentialAction\":[{\"@type\":\"ReadAction\",\"target\":[\"https:\\\/\\\/emsaquimica.com\\\/fr\\\/2025\\\/09\\\/30\\\/emsa-participe-au-world-cleanup-day-2025\\\/\"]}]},{\"@type\":\"ImageObject\",\"inLanguage\":\"fr-FR\",\"@id\":\"https:\\\/\\\/emsaquimica.com\\\/fr\\\/2025\\\/09\\\/30\\\/emsa-participe-au-world-cleanup-day-2025\\\/#primaryimage\",\"url\":\"https:\\\/\\\/emsaquimica.com\\\/wp-content\\\/uploads\\\/2025\\\/09\\\/BLOG-4.png\",\"contentUrl\":\"https:\\\/\\\/emsaquimica.com\\\/wp-content\\\/uploads\\\/2025\\\/09\\\/BLOG-4.png\",\"width\":1600,\"height\":1100},{\"@type\":\"BreadcrumbList\",\"@id\":\"https:\\\/\\\/emsaquimica.com\\\/fr\\\/2025\\\/09\\\/30\\\/emsa-participe-au-world-cleanup-day-2025\\\/#breadcrumb\",\"itemListElement\":[{\"@type\":\"ListItem\",\"position\":1,\"name\":\"Portada\",\"item\":\"https:\\\/\\\/emsaquimica.com\\\/fr\\\/\"},{\"@type\":\"ListItem\",\"position\":2,\"name\":\"Emsa participe au World Cleanup Day 2025\"}]},{\"@type\":\"WebSite\",\"@id\":\"https:\\\/\\\/emsaquimica.com\\\/fr\\\/#website\",\"url\":\"https:\\\/\\\/emsaquimica.com\\\/fr\\\/\",\"name\":\"Emsa\",\"description\":\"Committed Chemistry\",\"publisher\":{\"@id\":\"https:\\\/\\\/emsaquimica.com\\\/fr\\\/#organization\"},\"potentialAction\":[{\"@type\":\"SearchAction\",\"target\":{\"@type\":\"EntryPoint\",\"urlTemplate\":\"https:\\\/\\\/emsaquimica.com\\\/fr\\\/?s={search_term_string}\"},\"query-input\":{\"@type\":\"PropertyValueSpecification\",\"valueRequired\":true,\"valueName\":\"search_term_string\"}}],\"inLanguage\":\"fr-FR\"},{\"@type\":\"Organization\",\"@id\":\"https:\\\/\\\/emsaquimica.com\\\/fr\\\/#organization\",\"name\":\"Emsa\",\"url\":\"https:\\\/\\\/emsaquimica.com\\\/fr\\\/\",\"logo\":{\"@type\":\"ImageObject\",\"inLanguage\":\"fr-FR\",\"@id\":\"https:\\\/\\\/emsaquimica.com\\\/fr\\\/#\\\/schema\\\/logo\\\/image\\\/\",\"url\":\"https:\\\/\\\/emsaquimica.com\\\/wp-content\\\/uploads\\\/2021\\\/11\\\/Logo-Emsa.svg\",\"contentUrl\":\"https:\\\/\\\/emsaquimica.com\\\/wp-content\\\/uploads\\\/2021\\\/11\\\/Logo-Emsa.svg\",\"width\":200,\"height\":50,\"caption\":\"Emsa\"},\"image\":{\"@id\":\"https:\\\/\\\/emsaquimica.com\\\/fr\\\/#\\\/schema\\\/logo\\\/image\\\/\"}},{\"@type\":\"Person\",\"@id\":\"https:\\\/\\\/emsaquimica.com\\\/fr\\\/#\\\/schema\\\/person\\\/427369c3666537b67fa259fbe589383e\",\"name\":\"Marina Gimenez\",\"image\":{\"@type\":\"ImageObject\",\"inLanguage\":\"fr-FR\",\"@id\":\"https:\\\/\\\/secure.gravatar.com\\\/avatar\\\/7365793a639fec663494da5659c4827908ce37ec91282bd0a3e1d40c78193cd3?s=96&d=mm&r=g\",\"url\":\"https:\\\/\\\/secure.gravatar.com\\\/avatar\\\/7365793a639fec663494da5659c4827908ce37ec91282bd0a3e1d40c78193cd3?s=96&d=mm&r=g\",\"contentUrl\":\"https:\\\/\\\/secure.gravatar.com\\\/avatar\\\/7365793a639fec663494da5659c4827908ce37ec91282bd0a3e1d40c78193cd3?s=96&d=mm&r=g\",\"caption\":\"Marina Gimenez\"},\"url\":\"https:\\\/\\\/emsaquimica.com\\\/fr\\\/author\\\/mgimenezemsaquimica-com\\\/\"}]}<\/script>\n<!-- \/ Yoast SEO plugin. -->","yoast_head_json":{"title":"Emsa participe au World Cleanup Day 2025 - Emsa","description":"Emsa participe pour la quatri\u00e8me fois au World Cleanup Day et renforce son engagement en faveur de la durabilit\u00e9 et de la gestion responsable des d\u00e9chets.","robots":{"index":"index","follow":"follow","max-snippet":"max-snippet:-1","max-image-preview":"max-image-preview:large","max-video-preview":"max-video-preview:-1"},"canonical":"https:\/\/emsaquimica.com\/fr\/2025\/09\/30\/emsa-participe-au-world-cleanup-day-2025\/","og_locale":"fr_FR","og_type":"article","og_title":"Emsa participe au World Cleanup Day 2025 - Emsa","og_description":"Emsa participe pour la quatri\u00e8me fois au World Cleanup Day et renforce son engagement en faveur de la durabilit\u00e9 et de la gestion responsable des d\u00e9chets.","og_url":"https:\/\/emsaquimica.com\/fr\/2025\/09\/30\/emsa-participe-au-world-cleanup-day-2025\/","og_site_name":"Emsa","article_published_time":"2025-09-30T11:23:42+00:00","article_modified_time":"2025-09-30T11:28:24+00:00","og_image":[{"width":1024,"height":704,"url":"https:\/\/emsaquimica.com\/wp-content\/uploads\/2025\/09\/BLOG-4-1024x704.png","type":"image\/png"}],"author":"Marina Gimenez","twitter_card":"summary_large_image","twitter_misc":{"\u00c9crit par":"Marina Gimenez","Dur\u00e9e de lecture estim\u00e9e":"2 minutes"},"schema":{"@context":"https:\/\/schema.org","@graph":[{"@type":"Article","@id":"https:\/\/emsaquimica.com\/fr\/2025\/09\/30\/emsa-participe-au-world-cleanup-day-2025\/#article","isPartOf":{"@id":"https:\/\/emsaquimica.com\/fr\/2025\/09\/30\/emsa-participe-au-world-cleanup-day-2025\/"},"author":{"name":"Marina Gimenez","@id":"https:\/\/emsaquimica.com\/fr\/#\/schema\/person\/427369c3666537b67fa259fbe589383e"},"headline":"Emsa participe au World Cleanup Day 2025","datePublished":"2025-09-30T11:23:42+00:00","dateModified":"2025-09-30T11:28:24+00:00","mainEntityOfPage":{"@id":"https:\/\/emsaquimica.com\/fr\/2025\/09\/30\/emsa-participe-au-world-cleanup-day-2025\/"},"wordCount":215,"commentCount":0,"publisher":{"@id":"https:\/\/emsaquimica.com\/fr\/#organization"},"image":{"@id":"https:\/\/emsaquimica.com\/fr\/2025\/09\/30\/emsa-participe-au-world-cleanup-day-2025\/#primaryimage"},"thumbnailUrl":"https:\/\/emsaquimica.com\/wp-content\/uploads\/2025\/09\/BLOG-4.png","articleSection":["GENERAL","SOSTENIBILIDAD"],"inLanguage":"fr-FR","potentialAction":[{"@type":"CommentAction","name":"Comment","target":["https:\/\/emsaquimica.com\/fr\/2025\/09\/30\/emsa-participe-au-world-cleanup-day-2025\/#respond"]}]},{"@type":"WebPage","@id":"https:\/\/emsaquimica.com\/fr\/2025\/09\/30\/emsa-participe-au-world-cleanup-day-2025\/","url":"https:\/\/emsaquimica.com\/fr\/2025\/09\/30\/emsa-participe-au-world-cleanup-day-2025\/","name":"Emsa participe au World Cleanup Day 2025 - Emsa","isPartOf":{"@id":"https:\/\/emsaquimica.com\/fr\/#website"},"primaryImageOfPage":{"@id":"https:\/\/emsaquimica.com\/fr\/2025\/09\/30\/emsa-participe-au-world-cleanup-day-2025\/#primaryimage"},"image":{"@id":"https:\/\/emsaquimica.com\/fr\/2025\/09\/30\/emsa-participe-au-world-cleanup-day-2025\/#primaryimage"},"thumbnailUrl":"https:\/\/emsaquimica.com\/wp-content\/uploads\/2025\/09\/BLOG-4.png","datePublished":"2025-09-30T11:23:42+00:00","dateModified":"2025-09-30T11:28:24+00:00","description":"Emsa participe pour la quatri\u00e8me fois au World Cleanup Day et renforce son engagement en faveur de la durabilit\u00e9 et de la gestion responsable des d\u00e9chets.","breadcrumb":{"@id":"https:\/\/emsaquimica.com\/fr\/2025\/09\/30\/emsa-participe-au-world-cleanup-day-2025\/#breadcrumb"},"inLanguage":"fr-FR","potentialAction":[{"@type":"ReadAction","target":["https:\/\/emsaquimica.com\/fr\/2025\/09\/30\/emsa-participe-au-world-cleanup-day-2025\/"]}]},{"@type":"ImageObject","inLanguage":"fr-FR","@id":"https:\/\/emsaquimica.com\/fr\/2025\/09\/30\/emsa-participe-au-world-cleanup-day-2025\/#primaryimage","url":"https:\/\/emsaquimica.com\/wp-content\/uploads\/2025\/09\/BLOG-4.png","contentUrl":"https:\/\/emsaquimica.com\/wp-content\/uploads\/2025\/09\/BLOG-4.png","width":1600,"height":1100},{"@type":"BreadcrumbList","@id":"https:\/\/emsaquimica.com\/fr\/2025\/09\/30\/emsa-participe-au-world-cleanup-day-2025\/#breadcrumb","itemListElement":[{"@type":"ListItem","position":1,"name":"Portada","item":"https:\/\/emsaquimica.com\/fr\/"},{"@type":"ListItem","position":2,"name":"Emsa participe au World Cleanup Day 2025"}]},{"@type":"WebSite","@id":"https:\/\/emsaquimica.com\/fr\/#website","url":"https:\/\/emsaquimica.com\/fr\/","name":"Emsa","description":"Committed Chemistry","publisher":{"@id":"https:\/\/emsaquimica.com\/fr\/#organization"},"potentialAction":[{"@type":"SearchAction","target":{"@type":"EntryPoint","urlTemplate":"https:\/\/emsaquimica.com\/fr\/?s={search_term_string}"},"query-input":{"@type":"PropertyValueSpecification","valueRequired":true,"valueName":"search_term_string"}}],"inLanguage":"fr-FR"},{"@type":"Organization","@id":"https:\/\/emsaquimica.com\/fr\/#organization","name":"Emsa","url":"https:\/\/emsaquimica.com\/fr\/","logo":{"@type":"ImageObject","inLanguage":"fr-FR","@id":"https:\/\/emsaquimica.com\/fr\/#\/schema\/logo\/image\/","url":"https:\/\/emsaquimica.com\/wp-content\/uploads\/2021\/11\/Logo-Emsa.svg","contentUrl":"https:\/\/emsaquimica.com\/wp-content\/uploads\/2021\/11\/Logo-Emsa.svg","width":200,"height":50,"caption":"Emsa"},"image":{"@id":"https:\/\/emsaquimica.com\/fr\/#\/schema\/logo\/image\/"}},{"@type":"Person","@id":"https:\/\/emsaquimica.com\/fr\/#\/schema\/person\/427369c3666537b67fa259fbe589383e","name":"Marina Gimenez","image":{"@type":"ImageObject","inLanguage":"fr-FR","@id":"https:\/\/secure.gravatar.com\/avatar\/7365793a639fec663494da5659c4827908ce37ec91282bd0a3e1d40c78193cd3?s=96&d=mm&r=g","url":"https:\/\/secure.gravatar.com\/avatar\/7365793a639fec663494da5659c4827908ce37ec91282bd0a3e1d40c78193cd3?s=96&d=mm&r=g","contentUrl":"https:\/\/secure.gravatar.com\/avatar\/7365793a639fec663494da5659c4827908ce37ec91282bd0a3e1d40c78193cd3?s=96&d=mm&r=g","caption":"Marina Gimenez"},"url":"https:\/\/emsaquimica.com\/fr\/author\/mgimenezemsaquimica-com\/"}]}},"_links":{"self":[{"href":"https:\/\/emsaquimica.com\/fr\/wp-json\/wp\/v2\/posts\/14679","targetHints":{"allow":["GET"]}}],"collection":[{"href":"https:\/\/emsaquimica.com\/fr\/wp-json\/wp\/v2\/posts"}],"about":[{"href":"https:\/\/emsaquimica.com\/fr\/wp-json\/wp\/v2\/types\/post"}],"author":[{"embeddable":true,"href":"https:\/\/emsaquimica.com\/fr\/wp-json\/wp\/v2\/users\/12"}],"replies":[{"embeddable":true,"href":"https:\/\/emsaquimica.com\/fr\/wp-json\/wp\/v2\/comments?post=14679"}],"version-history":[{"count":1,"href":"https:\/\/emsaquimica.com\/fr\/wp-json\/wp\/v2\/posts\/14679\/revisions"}],"predecessor-version":[{"id":14680,"href":"https:\/\/emsaquimica.com\/fr\/wp-json\/wp\/v2\/posts\/14679\/revisions\/14680"}],"wp:featuredmedia":[{"embeddable":true,"href":"https:\/\/emsaquimica.com\/fr\/wp-json\/wp\/v2\/media\/14674"}],"wp:attachment":[{"href":"https:\/\/emsaquimica.com\/fr\/wp-json\/wp\/v2\/media?parent=14679"}],"wp:term":[{"taxonomy":"category","embeddable":true,"href":"https:\/\/emsaquimica.com\/fr\/wp-json\/wp\/v2\/categories?post=14679"},{"taxonomy":"post_tag","embeddable":true,"href":"https:\/\/emsaquimica.com\/fr\/wp-json\/wp\/v2\/tags?post=14679"}],"curies":[{"name":"wp","href":"https:\/\/api.w.org\/{rel}","templated":true}]}}