{"id":14731,"date":"2025-10-14T14:24:22","date_gmt":"2025-10-14T12:24:22","guid":{"rendered":"https:\/\/emsaquimica.com\/?p=14731"},"modified":"2025-10-14T14:31:31","modified_gmt":"2025-10-14T12:31:31","slug":"patricia-elvira-nouvelle-directrice-generale-demsa-tecnologia-quimica","status":"publish","type":"post","link":"https:\/\/emsaquimica.com\/fr\/2025\/10\/14\/patricia-elvira-nouvelle-directrice-generale-demsa-tecnologia-quimica\/","title":{"rendered":"Patricia Elvira nouvelle Directrice G\u00e9n\u00e9rale d\u2019EMSA Tecnolog\u00eda Qu\u00edmica"},"content":{"rendered":"<p data-start=\"114\" data-end=\"686\">Aujourd\u2019hui, chez <strong data-start=\"132\" data-end=\"159\">EMSA Tecnolog\u00eda Qu\u00edmica<\/strong>, nous vivons un moment tr\u00e8s sp\u00e9cial qui marque une \u00e9tape importante de notre histoire. Apr\u00e8s plus de 30 ans \u00e0 la t\u00eate de l\u2019entreprise, <strong data-start=\"295\" data-end=\"310\">Jorge Grima<\/strong>, jusqu\u2019\u00e0 pr\u00e9sent CEO, passe le relais \u00e0 <strong data-start=\"351\" data-end=\"370\">Patricia Elvira<\/strong>, actuelle Directrice Corporate, qui assume avec enthousiasme le poste de <strong data-start=\"444\" data-end=\"483\">nouvelle Directrice G\u00e9n\u00e9rale d\u2019EMSA<\/strong>.<br data-start=\"484\" data-end=\"487\" \/>Jorge restera impliqu\u00e9 en tant que <strong data-start=\"522\" data-end=\"563\">Pr\u00e9sident du Conseil d\u2019Administration<\/strong>, accompagnant et soutenant cette nouvelle \u00e9tape avec la m\u00eame d\u00e9votion qui l\u2019a guid\u00e9 tout au long de ces trois d\u00e9cennies.<\/p>\n<ul>\n<li data-start=\"688\" data-end=\"744\"><span style=\"color: #62b5e5;\"><strong>Une transition empreinte de fiert\u00e9 et de confiance<\/strong><\/span><\/li>\n<\/ul>\n<p data-start=\"745\" data-end=\"1370\">Cette annonce nous \u00e9meut profond\u00e9ment, car il ne s\u2019agit pas seulement d\u2019un changement de direction, mais d\u2019un pas en avant dans notre parcours commun.<br data-start=\"895\" data-end=\"898\" \/><strong data-start=\"898\" data-end=\"910\">Patricia<\/strong> fait partie d\u2019EMSA depuis 18 ans, un parcours qui refl\u00e8te pleinement notre essence. Elle a commenc\u00e9 sa carri\u00e8re au D\u00e9partement Technique et, gr\u00e2ce \u00e0 son talent, sa vision et son engagement, elle a occup\u00e9 diff\u00e9rentes responsabilit\u00e9s jusqu\u2019\u00e0 devenir l\u2019une des figures cl\u00e9s de la strat\u00e9gie de l\u2019entreprise. Elle a dirig\u00e9 des projets d\u2019innovation, impuls\u00e9 notre strat\u00e9gie de durabilit\u00e9 et contribu\u00e9 de mani\u00e8re d\u00e9cisive \u00e0 consolider notre position sur le march\u00e9.<\/p>\n<p data-start=\"1372\" data-end=\"1756\">Aujourd\u2019hui, elle prend la rel\u00e8ve avec un objectif clair : <strong data-start=\"1431\" data-end=\"1475\">rendre la chimie engag\u00e9e plus accessible<\/strong>. Un engagement qui se traduit par la volont\u00e9 de placer l\u2019innovation, la durabilit\u00e9 et la proximit\u00e9 au c\u0153ur de nos actions, guid\u00e9s par nos valeurs : innovation, engagement, int\u00e9grit\u00e9, responsabilit\u00e9, initiative, adaptabilit\u00e9, travail d\u2019\u00e9quipe et cr\u00e9ation de notre propre culture.<\/p>\n<blockquote data-start=\"1758\" data-end=\"2332\">\n<p style=\"padding-left: 40px;\" data-start=\"1760\" data-end=\"2332\">\u00ab Apr\u00e8s plus de trois d\u00e9cennies \u00e0 la t\u00eate d\u2019EMSA, je suis fier d\u2019avoir construit, avec une \u00e9quipe extraordinaire, une entreprise solide et reconnue dans notre secteur. Aujourd\u2019hui, je transmets le flambeau \u00e0 Patricia avec enthousiasme \u2014 une professionnelle qui incarne l\u2019excellence, l\u2019engagement et la vision d\u2019avenir dont EMSA a besoin. Elle a su gagner la confiance, l\u2019admiration et l\u2019affection de toute l\u2019\u00e9quipe, et je suis convaincu qu\u2019elle est la personne id\u00e9ale pour diriger cette nouvelle \u00e9tape. \u00bb<br data-start=\"2264\" data-end=\"2267\" \/>\u2014 Jorge Grima, Pr\u00e9sident du Conseil d\u2019Administration d\u2019EMSA<\/p>\n<\/blockquote>\n<ul>\n<li data-start=\"2334\" data-end=\"2362\"><strong><span style=\"color: #62b5e5;\">Regarder vers l\u2019avenir<\/span><\/strong><\/li>\n<\/ul>\n<p data-start=\"2363\" data-end=\"2695\">Cette transition r\u00e9affirme ce qui a toujours \u00e9t\u00e9 l\u2019essence d\u2019EMSA : la proximit\u00e9, la confiance et l\u2019engagement envers nos clients, partenaires, collaborateurs et notre environnement.<br data-start=\"2545\" data-end=\"2548\" \/>Nous continuons \u00e0 avancer avec un mod\u00e8le d\u2019entreprise solide et responsable, int\u00e9grant l\u2019innovation et la durabilit\u00e9 comme moteurs de croissance.<\/p>\n<p data-start=\"2697\" data-end=\"2915\">\u00c0 toutes celles et ceux qui font partie de notre histoire \u2014 clients, partenaires, collaborateurs et \u00e9quipe \u2014 nous vous remercions sinc\u00e8rement pour la confiance que vous nous avez accord\u00e9e tout au long de ce parcours.<\/p>\n<p data-start=\"2917\" data-end=\"3127\">Aujourd\u2019hui, nous c\u00e9l\u00e9brons un changement qui nous remplit de fiert\u00e9 et d\u2019\u00e9motion, convaincus que nous continuerons \u00e0 avancer ensemble, avec la m\u00eame passion et les m\u00eames valeurs qui nous ont toujours d\u00e9finis.<\/p>\n<p data-start=\"3129\" data-end=\"3177\">\ud83d\udcc4 Vous pouvez lire le communiqu\u00e9 complet<a href=\"https:\/\/emsaquimica.com\/wp-content\/uploads\/2025\/10\/PR_EMSA-Tecnologia-Quimica-appoints-Patricia-Elvira-as-new-CEO.pdf\"> ici.<\/a><\/p>\n","protected":false},"excerpt":{"rendered":"<p>EMSA Tecnolog\u00eda Qu\u00edmica ouvre une nouvelle \u00e9tape : Patricia Elvira devient Directrice G\u00e9n\u00e9rale apr\u00e8s plus de 30 ans de leadership de Jorge Grima, d\u00e9sormais Pr\u00e9sident du Conseil. Une transition fond\u00e9e sur la confiance et l\u2019engagement.<\/p>\n","protected":false},"author":12,"featured_media":14779,"comment_status":"open","ping_status":"open","sticky":false,"template":"","format":"standard","meta":{"_acf_changed":false,"footnotes":""},"categories":[110,102],"tags":[],"class_list":["post-14731","post","type-post","status-publish","format-standard","has-post-thumbnail","hentry","category-emsa-team-fr","category-general-fr"],"acf":[],"yoast_head":"<!-- This site is optimized with the Yoast SEO plugin v27.5 - https:\/\/yoast.com\/product\/yoast-seo-wordpress\/ -->\n<title>Patricia Elvira nouvelle Directrice G\u00e9n\u00e9rale d\u2019EMSA Tecnolog\u00eda Qu\u00edmica - Emsa<\/title>\n<meta name=\"description\" content=\"Patricia Elvira devient la nouvelle Directrice G\u00e9n\u00e9rale d\u2019EMSA Tecnolog\u00eda Qu\u00edmica, succ\u00e9dant \u00e0 Jorge Grima apr\u00e8s plus de 30 ans de direction.\" \/>\n<meta name=\"robots\" content=\"index, follow, max-snippet:-1, max-image-preview:large, max-video-preview:-1\" \/>\n<link rel=\"canonical\" href=\"https:\/\/emsaquimica.com\/fr\/2025\/10\/14\/patricia-elvira-nouvelle-directrice-generale-demsa-tecnologia-quimica\/\" \/>\n<meta property=\"og:locale\" content=\"fr_FR\" \/>\n<meta property=\"og:type\" content=\"article\" \/>\n<meta property=\"og:title\" content=\"Patricia Elvira nouvelle Directrice G\u00e9n\u00e9rale d\u2019EMSA Tecnolog\u00eda Qu\u00edmica - Emsa\" \/>\n<meta property=\"og:description\" content=\"Patricia Elvira devient la nouvelle Directrice G\u00e9n\u00e9rale d\u2019EMSA Tecnolog\u00eda Qu\u00edmica, succ\u00e9dant \u00e0 Jorge Grima apr\u00e8s plus de 30 ans de direction.\" \/>\n<meta property=\"og:url\" content=\"https:\/\/emsaquimica.com\/fr\/2025\/10\/14\/patricia-elvira-nouvelle-directrice-generale-demsa-tecnologia-quimica\/\" \/>\n<meta property=\"og:site_name\" content=\"Emsa\" \/>\n<meta property=\"article:published_time\" content=\"2025-10-14T12:24:22+00:00\" \/>\n<meta property=\"article:modified_time\" content=\"2025-10-14T12:31:31+00:00\" \/>\n<meta property=\"og:image\" content=\"https:\/\/emsaquimica.com\/wp-content\/uploads\/2025\/10\/BLOG-3.png\" \/>\n\t<meta property=\"og:image:width\" content=\"1600\" \/>\n\t<meta property=\"og:image:height\" content=\"1100\" \/>\n\t<meta property=\"og:image:type\" content=\"image\/png\" \/>\n<meta name=\"author\" content=\"Marina Gimenez\" \/>\n<meta name=\"twitter:card\" content=\"summary_large_image\" \/>\n<meta name=\"twitter:label1\" content=\"\u00c9crit par\" \/>\n\t<meta name=\"twitter:data1\" content=\"Marina Gimenez\" \/>\n\t<meta name=\"twitter:label2\" content=\"Dur\u00e9e de lecture estim\u00e9e\" \/>\n\t<meta name=\"twitter:data2\" content=\"2 minutes\" \/>\n<script type=\"application\/ld+json\" class=\"yoast-schema-graph\">{\"@context\":\"https:\\\/\\\/schema.org\",\"@graph\":[{\"@type\":\"Article\",\"@id\":\"https:\\\/\\\/emsaquimica.com\\\/fr\\\/2025\\\/10\\\/14\\\/patricia-elvira-nouvelle-directrice-generale-demsa-tecnologia-quimica\\\/#article\",\"isPartOf\":{\"@id\":\"https:\\\/\\\/emsaquimica.com\\\/fr\\\/2025\\\/10\\\/14\\\/patricia-elvira-nouvelle-directrice-generale-demsa-tecnologia-quimica\\\/\"},\"author\":{\"name\":\"Marina Gimenez\",\"@id\":\"https:\\\/\\\/emsaquimica.com\\\/fr\\\/#\\\/schema\\\/person\\\/427369c3666537b67fa259fbe589383e\"},\"headline\":\"Patricia Elvira nouvelle Directrice G\u00e9n\u00e9rale d\u2019EMSA Tecnolog\u00eda Qu\u00edmica\",\"datePublished\":\"2025-10-14T12:24:22+00:00\",\"dateModified\":\"2025-10-14T12:31:31+00:00\",\"mainEntityOfPage\":{\"@id\":\"https:\\\/\\\/emsaquimica.com\\\/fr\\\/2025\\\/10\\\/14\\\/patricia-elvira-nouvelle-directrice-generale-demsa-tecnologia-quimica\\\/\"},\"wordCount\":526,\"commentCount\":0,\"publisher\":{\"@id\":\"https:\\\/\\\/emsaquimica.com\\\/fr\\\/#organization\"},\"image\":{\"@id\":\"https:\\\/\\\/emsaquimica.com\\\/fr\\\/2025\\\/10\\\/14\\\/patricia-elvira-nouvelle-directrice-generale-demsa-tecnologia-quimica\\\/#primaryimage\"},\"thumbnailUrl\":\"https:\\\/\\\/emsaquimica.com\\\/wp-content\\\/uploads\\\/2025\\\/10\\\/BLOG-3.png\",\"articleSection\":[\"EMSA TEAM\",\"GENERAL\"],\"inLanguage\":\"fr-FR\",\"potentialAction\":[{\"@type\":\"CommentAction\",\"name\":\"Comment\",\"target\":[\"https:\\\/\\\/emsaquimica.com\\\/fr\\\/2025\\\/10\\\/14\\\/patricia-elvira-nouvelle-directrice-generale-demsa-tecnologia-quimica\\\/#respond\"]}]},{\"@type\":\"WebPage\",\"@id\":\"https:\\\/\\\/emsaquimica.com\\\/fr\\\/2025\\\/10\\\/14\\\/patricia-elvira-nouvelle-directrice-generale-demsa-tecnologia-quimica\\\/\",\"url\":\"https:\\\/\\\/emsaquimica.com\\\/fr\\\/2025\\\/10\\\/14\\\/patricia-elvira-nouvelle-directrice-generale-demsa-tecnologia-quimica\\\/\",\"name\":\"Patricia Elvira nouvelle Directrice G\u00e9n\u00e9rale d\u2019EMSA Tecnolog\u00eda Qu\u00edmica - Emsa\",\"isPartOf\":{\"@id\":\"https:\\\/\\\/emsaquimica.com\\\/fr\\\/#website\"},\"primaryImageOfPage\":{\"@id\":\"https:\\\/\\\/emsaquimica.com\\\/fr\\\/2025\\\/10\\\/14\\\/patricia-elvira-nouvelle-directrice-generale-demsa-tecnologia-quimica\\\/#primaryimage\"},\"image\":{\"@id\":\"https:\\\/\\\/emsaquimica.com\\\/fr\\\/2025\\\/10\\\/14\\\/patricia-elvira-nouvelle-directrice-generale-demsa-tecnologia-quimica\\\/#primaryimage\"},\"thumbnailUrl\":\"https:\\\/\\\/emsaquimica.com\\\/wp-content\\\/uploads\\\/2025\\\/10\\\/BLOG-3.png\",\"datePublished\":\"2025-10-14T12:24:22+00:00\",\"dateModified\":\"2025-10-14T12:31:31+00:00\",\"description\":\"Patricia Elvira devient la nouvelle Directrice G\u00e9n\u00e9rale d\u2019EMSA Tecnolog\u00eda Qu\u00edmica, succ\u00e9dant \u00e0 Jorge Grima apr\u00e8s plus de 30 ans de direction.\",\"breadcrumb\":{\"@id\":\"https:\\\/\\\/emsaquimica.com\\\/fr\\\/2025\\\/10\\\/14\\\/patricia-elvira-nouvelle-directrice-generale-demsa-tecnologia-quimica\\\/#breadcrumb\"},\"inLanguage\":\"fr-FR\",\"potentialAction\":[{\"@type\":\"ReadAction\",\"target\":[\"https:\\\/\\\/emsaquimica.com\\\/fr\\\/2025\\\/10\\\/14\\\/patricia-elvira-nouvelle-directrice-generale-demsa-tecnologia-quimica\\\/\"]}]},{\"@type\":\"ImageObject\",\"inLanguage\":\"fr-FR\",\"@id\":\"https:\\\/\\\/emsaquimica.com\\\/fr\\\/2025\\\/10\\\/14\\\/patricia-elvira-nouvelle-directrice-generale-demsa-tecnologia-quimica\\\/#primaryimage\",\"url\":\"https:\\\/\\\/emsaquimica.com\\\/wp-content\\\/uploads\\\/2025\\\/10\\\/BLOG-3.png\",\"contentUrl\":\"https:\\\/\\\/emsaquimica.com\\\/wp-content\\\/uploads\\\/2025\\\/10\\\/BLOG-3.png\",\"width\":1600,\"height\":1100},{\"@type\":\"BreadcrumbList\",\"@id\":\"https:\\\/\\\/emsaquimica.com\\\/fr\\\/2025\\\/10\\\/14\\\/patricia-elvira-nouvelle-directrice-generale-demsa-tecnologia-quimica\\\/#breadcrumb\",\"itemListElement\":[{\"@type\":\"ListItem\",\"position\":1,\"name\":\"Portada\",\"item\":\"https:\\\/\\\/emsaquimica.com\\\/fr\\\/\"},{\"@type\":\"ListItem\",\"position\":2,\"name\":\"Patricia Elvira nouvelle Directrice G\u00e9n\u00e9rale d\u2019EMSA Tecnolog\u00eda Qu\u00edmica\"}]},{\"@type\":\"WebSite\",\"@id\":\"https:\\\/\\\/emsaquimica.com\\\/fr\\\/#website\",\"url\":\"https:\\\/\\\/emsaquimica.com\\\/fr\\\/\",\"name\":\"Emsa\",\"description\":\"Committed Chemistry\",\"publisher\":{\"@id\":\"https:\\\/\\\/emsaquimica.com\\\/fr\\\/#organization\"},\"potentialAction\":[{\"@type\":\"SearchAction\",\"target\":{\"@type\":\"EntryPoint\",\"urlTemplate\":\"https:\\\/\\\/emsaquimica.com\\\/fr\\\/?s={search_term_string}\"},\"query-input\":{\"@type\":\"PropertyValueSpecification\",\"valueRequired\":true,\"valueName\":\"search_term_string\"}}],\"inLanguage\":\"fr-FR\"},{\"@type\":\"Organization\",\"@id\":\"https:\\\/\\\/emsaquimica.com\\\/fr\\\/#organization\",\"name\":\"Emsa\",\"url\":\"https:\\\/\\\/emsaquimica.com\\\/fr\\\/\",\"logo\":{\"@type\":\"ImageObject\",\"inLanguage\":\"fr-FR\",\"@id\":\"https:\\\/\\\/emsaquimica.com\\\/fr\\\/#\\\/schema\\\/logo\\\/image\\\/\",\"url\":\"https:\\\/\\\/emsaquimica.com\\\/wp-content\\\/uploads\\\/2021\\\/11\\\/Logo-Emsa.svg\",\"contentUrl\":\"https:\\\/\\\/emsaquimica.com\\\/wp-content\\\/uploads\\\/2021\\\/11\\\/Logo-Emsa.svg\",\"width\":200,\"height\":50,\"caption\":\"Emsa\"},\"image\":{\"@id\":\"https:\\\/\\\/emsaquimica.com\\\/fr\\\/#\\\/schema\\\/logo\\\/image\\\/\"}},{\"@type\":\"Person\",\"@id\":\"https:\\\/\\\/emsaquimica.com\\\/fr\\\/#\\\/schema\\\/person\\\/427369c3666537b67fa259fbe589383e\",\"name\":\"Marina Gimenez\",\"image\":{\"@type\":\"ImageObject\",\"inLanguage\":\"fr-FR\",\"@id\":\"https:\\\/\\\/secure.gravatar.com\\\/avatar\\\/7365793a639fec663494da5659c4827908ce37ec91282bd0a3e1d40c78193cd3?s=96&d=mm&r=g\",\"url\":\"https:\\\/\\\/secure.gravatar.com\\\/avatar\\\/7365793a639fec663494da5659c4827908ce37ec91282bd0a3e1d40c78193cd3?s=96&d=mm&r=g\",\"contentUrl\":\"https:\\\/\\\/secure.gravatar.com\\\/avatar\\\/7365793a639fec663494da5659c4827908ce37ec91282bd0a3e1d40c78193cd3?s=96&d=mm&r=g\",\"caption\":\"Marina Gimenez\"},\"url\":\"https:\\\/\\\/emsaquimica.com\\\/fr\\\/author\\\/mgimenezemsaquimica-com\\\/\"}]}<\/script>\n<!-- \/ Yoast SEO plugin. -->","yoast_head_json":{"title":"Patricia Elvira nouvelle Directrice G\u00e9n\u00e9rale d\u2019EMSA Tecnolog\u00eda Qu\u00edmica - Emsa","description":"Patricia Elvira devient la nouvelle Directrice G\u00e9n\u00e9rale d\u2019EMSA Tecnolog\u00eda Qu\u00edmica, succ\u00e9dant \u00e0 Jorge Grima apr\u00e8s plus de 30 ans de direction.","robots":{"index":"index","follow":"follow","max-snippet":"max-snippet:-1","max-image-preview":"max-image-preview:large","max-video-preview":"max-video-preview:-1"},"canonical":"https:\/\/emsaquimica.com\/fr\/2025\/10\/14\/patricia-elvira-nouvelle-directrice-generale-demsa-tecnologia-quimica\/","og_locale":"fr_FR","og_type":"article","og_title":"Patricia Elvira nouvelle Directrice G\u00e9n\u00e9rale d\u2019EMSA Tecnolog\u00eda Qu\u00edmica - Emsa","og_description":"Patricia Elvira devient la nouvelle Directrice G\u00e9n\u00e9rale d\u2019EMSA Tecnolog\u00eda Qu\u00edmica, succ\u00e9dant \u00e0 Jorge Grima apr\u00e8s plus de 30 ans de direction.","og_url":"https:\/\/emsaquimica.com\/fr\/2025\/10\/14\/patricia-elvira-nouvelle-directrice-generale-demsa-tecnologia-quimica\/","og_site_name":"Emsa","article_published_time":"2025-10-14T12:24:22+00:00","article_modified_time":"2025-10-14T12:31:31+00:00","og_image":[{"width":1600,"height":1100,"url":"https:\/\/emsaquimica.com\/wp-content\/uploads\/2025\/10\/BLOG-3.png","type":"image\/png"}],"author":"Marina Gimenez","twitter_card":"summary_large_image","twitter_misc":{"\u00c9crit par":"Marina Gimenez","Dur\u00e9e de lecture estim\u00e9e":"2 minutes"},"schema":{"@context":"https:\/\/schema.org","@graph":[{"@type":"Article","@id":"https:\/\/emsaquimica.com\/fr\/2025\/10\/14\/patricia-elvira-nouvelle-directrice-generale-demsa-tecnologia-quimica\/#article","isPartOf":{"@id":"https:\/\/emsaquimica.com\/fr\/2025\/10\/14\/patricia-elvira-nouvelle-directrice-generale-demsa-tecnologia-quimica\/"},"author":{"name":"Marina Gimenez","@id":"https:\/\/emsaquimica.com\/fr\/#\/schema\/person\/427369c3666537b67fa259fbe589383e"},"headline":"Patricia Elvira nouvelle Directrice G\u00e9n\u00e9rale d\u2019EMSA Tecnolog\u00eda Qu\u00edmica","datePublished":"2025-10-14T12:24:22+00:00","dateModified":"2025-10-14T12:31:31+00:00","mainEntityOfPage":{"@id":"https:\/\/emsaquimica.com\/fr\/2025\/10\/14\/patricia-elvira-nouvelle-directrice-generale-demsa-tecnologia-quimica\/"},"wordCount":526,"commentCount":0,"publisher":{"@id":"https:\/\/emsaquimica.com\/fr\/#organization"},"image":{"@id":"https:\/\/emsaquimica.com\/fr\/2025\/10\/14\/patricia-elvira-nouvelle-directrice-generale-demsa-tecnologia-quimica\/#primaryimage"},"thumbnailUrl":"https:\/\/emsaquimica.com\/wp-content\/uploads\/2025\/10\/BLOG-3.png","articleSection":["EMSA TEAM","GENERAL"],"inLanguage":"fr-FR","potentialAction":[{"@type":"CommentAction","name":"Comment","target":["https:\/\/emsaquimica.com\/fr\/2025\/10\/14\/patricia-elvira-nouvelle-directrice-generale-demsa-tecnologia-quimica\/#respond"]}]},{"@type":"WebPage","@id":"https:\/\/emsaquimica.com\/fr\/2025\/10\/14\/patricia-elvira-nouvelle-directrice-generale-demsa-tecnologia-quimica\/","url":"https:\/\/emsaquimica.com\/fr\/2025\/10\/14\/patricia-elvira-nouvelle-directrice-generale-demsa-tecnologia-quimica\/","name":"Patricia Elvira nouvelle Directrice G\u00e9n\u00e9rale d\u2019EMSA Tecnolog\u00eda Qu\u00edmica - Emsa","isPartOf":{"@id":"https:\/\/emsaquimica.com\/fr\/#website"},"primaryImageOfPage":{"@id":"https:\/\/emsaquimica.com\/fr\/2025\/10\/14\/patricia-elvira-nouvelle-directrice-generale-demsa-tecnologia-quimica\/#primaryimage"},"image":{"@id":"https:\/\/emsaquimica.com\/fr\/2025\/10\/14\/patricia-elvira-nouvelle-directrice-generale-demsa-tecnologia-quimica\/#primaryimage"},"thumbnailUrl":"https:\/\/emsaquimica.com\/wp-content\/uploads\/2025\/10\/BLOG-3.png","datePublished":"2025-10-14T12:24:22+00:00","dateModified":"2025-10-14T12:31:31+00:00","description":"Patricia Elvira devient la nouvelle Directrice G\u00e9n\u00e9rale d\u2019EMSA Tecnolog\u00eda Qu\u00edmica, succ\u00e9dant \u00e0 Jorge Grima apr\u00e8s plus de 30 ans de direction.","breadcrumb":{"@id":"https:\/\/emsaquimica.com\/fr\/2025\/10\/14\/patricia-elvira-nouvelle-directrice-generale-demsa-tecnologia-quimica\/#breadcrumb"},"inLanguage":"fr-FR","potentialAction":[{"@type":"ReadAction","target":["https:\/\/emsaquimica.com\/fr\/2025\/10\/14\/patricia-elvira-nouvelle-directrice-generale-demsa-tecnologia-quimica\/"]}]},{"@type":"ImageObject","inLanguage":"fr-FR","@id":"https:\/\/emsaquimica.com\/fr\/2025\/10\/14\/patricia-elvira-nouvelle-directrice-generale-demsa-tecnologia-quimica\/#primaryimage","url":"https:\/\/emsaquimica.com\/wp-content\/uploads\/2025\/10\/BLOG-3.png","contentUrl":"https:\/\/emsaquimica.com\/wp-content\/uploads\/2025\/10\/BLOG-3.png","width":1600,"height":1100},{"@type":"BreadcrumbList","@id":"https:\/\/emsaquimica.com\/fr\/2025\/10\/14\/patricia-elvira-nouvelle-directrice-generale-demsa-tecnologia-quimica\/#breadcrumb","itemListElement":[{"@type":"ListItem","position":1,"name":"Portada","item":"https:\/\/emsaquimica.com\/fr\/"},{"@type":"ListItem","position":2,"name":"Patricia Elvira nouvelle Directrice G\u00e9n\u00e9rale d\u2019EMSA Tecnolog\u00eda Qu\u00edmica"}]},{"@type":"WebSite","@id":"https:\/\/emsaquimica.com\/fr\/#website","url":"https:\/\/emsaquimica.com\/fr\/","name":"Emsa","description":"Committed Chemistry","publisher":{"@id":"https:\/\/emsaquimica.com\/fr\/#organization"},"potentialAction":[{"@type":"SearchAction","target":{"@type":"EntryPoint","urlTemplate":"https:\/\/emsaquimica.com\/fr\/?s={search_term_string}"},"query-input":{"@type":"PropertyValueSpecification","valueRequired":true,"valueName":"search_term_string"}}],"inLanguage":"fr-FR"},{"@type":"Organization","@id":"https:\/\/emsaquimica.com\/fr\/#organization","name":"Emsa","url":"https:\/\/emsaquimica.com\/fr\/","logo":{"@type":"ImageObject","inLanguage":"fr-FR","@id":"https:\/\/emsaquimica.com\/fr\/#\/schema\/logo\/image\/","url":"https:\/\/emsaquimica.com\/wp-content\/uploads\/2021\/11\/Logo-Emsa.svg","contentUrl":"https:\/\/emsaquimica.com\/wp-content\/uploads\/2021\/11\/Logo-Emsa.svg","width":200,"height":50,"caption":"Emsa"},"image":{"@id":"https:\/\/emsaquimica.com\/fr\/#\/schema\/logo\/image\/"}},{"@type":"Person","@id":"https:\/\/emsaquimica.com\/fr\/#\/schema\/person\/427369c3666537b67fa259fbe589383e","name":"Marina Gimenez","image":{"@type":"ImageObject","inLanguage":"fr-FR","@id":"https:\/\/secure.gravatar.com\/avatar\/7365793a639fec663494da5659c4827908ce37ec91282bd0a3e1d40c78193cd3?s=96&d=mm&r=g","url":"https:\/\/secure.gravatar.com\/avatar\/7365793a639fec663494da5659c4827908ce37ec91282bd0a3e1d40c78193cd3?s=96&d=mm&r=g","contentUrl":"https:\/\/secure.gravatar.com\/avatar\/7365793a639fec663494da5659c4827908ce37ec91282bd0a3e1d40c78193cd3?s=96&d=mm&r=g","caption":"Marina Gimenez"},"url":"https:\/\/emsaquimica.com\/fr\/author\/mgimenezemsaquimica-com\/"}]}},"_links":{"self":[{"href":"https:\/\/emsaquimica.com\/fr\/wp-json\/wp\/v2\/posts\/14731","targetHints":{"allow":["GET"]}}],"collection":[{"href":"https:\/\/emsaquimica.com\/fr\/wp-json\/wp\/v2\/posts"}],"about":[{"href":"https:\/\/emsaquimica.com\/fr\/wp-json\/wp\/v2\/types\/post"}],"author":[{"embeddable":true,"href":"https:\/\/emsaquimica.com\/fr\/wp-json\/wp\/v2\/users\/12"}],"replies":[{"embeddable":true,"href":"https:\/\/emsaquimica.com\/fr\/wp-json\/wp\/v2\/comments?post=14731"}],"version-history":[{"count":2,"href":"https:\/\/emsaquimica.com\/fr\/wp-json\/wp\/v2\/posts\/14731\/revisions"}],"predecessor-version":[{"id":14795,"href":"https:\/\/emsaquimica.com\/fr\/wp-json\/wp\/v2\/posts\/14731\/revisions\/14795"}],"wp:featuredmedia":[{"embeddable":true,"href":"https:\/\/emsaquimica.com\/fr\/wp-json\/wp\/v2\/media\/14779"}],"wp:attachment":[{"href":"https:\/\/emsaquimica.com\/fr\/wp-json\/wp\/v2\/media?parent=14731"}],"wp:term":[{"taxonomy":"category","embeddable":true,"href":"https:\/\/emsaquimica.com\/fr\/wp-json\/wp\/v2\/categories?post=14731"},{"taxonomy":"post_tag","embeddable":true,"href":"https:\/\/emsaquimica.com\/fr\/wp-json\/wp\/v2\/tags?post=14731"}],"curies":[{"name":"wp","href":"https:\/\/api.w.org\/{rel}","templated":true}]}}