{"id":14843,"date":"2025-11-06T17:15:48","date_gmt":"2025-11-06T16:15:48","guid":{"rendered":"https:\/\/emsaquimica.com\/?p=14843"},"modified":"2025-11-06T17:21:43","modified_gmt":"2025-11-06T16:21:43","slug":"emsa-entre-dans-la-phase-2-du-registre-de-lempreinte-carbone-du-miteco","status":"publish","type":"post","link":"https:\/\/emsaquimica.com\/fr\/2025\/11\/06\/emsa-entre-dans-la-phase-2-du-registre-de-lempreinte-carbone-du-miteco\/","title":{"rendered":"EMSA entre dans la Phase 2 du Registre de l\u2019Empreinte Carbone du MITECO"},"content":{"rendered":"<p data-start=\"79\" data-end=\"502\">Chez Emsa Tecnolog\u00eda Qu\u00edmica, nous continuons \u00e0 progresser dans notre engagement en faveur de la durabilit\u00e9 et de la r\u00e9duction des \u00e9missions. Apr\u00e8s notre inscription \u00e0 la Phase 1 (Calcul) du <em data-start=\"270\" data-end=\"358\">Registre de l\u2019Empreinte Carbone, de la Compensation et des Projets d\u2019Absorption de CO\u2082<\/em> du <a href=\"https:\/\/www.miteco.gob.es\/fr.html\"><em data-start=\"362\" data-end=\"435\">Minist\u00e8re espagnol de la Transition \u00e9cologique et du D\u00e9fi d\u00e9mographique<\/em><\/a> (MITECO), nous avons d\u00e9sormais atteint la <a href=\"https:\/\/www.miteco.gob.es\/fr\/cambio-climatico\/temas\/registro-huella.html\"><strong>Phase 2 : <em data-start=\"488\" data-end=\"499\">R\u00e9duction<\/em><\/strong><\/a>.<\/p>\n<p data-start=\"504\" data-end=\"846\">Cette distinction atteste qu\u2019Emsa ne se limite pas \u00e0 calculer son empreinte carbone conform\u00e9ment aux crit\u00e8res officiels du MITECO, mais met <strong>\u00e9galement en \u0153uvre des mesures efficaces pour r\u00e9duire ses \u00e9missions de gaz \u00e0 effet de serre.<\/strong> Ce calcul inclut exclusivement les \u00e9missions des scopes 1 et 2, selon la m\u00e9thodologie officielle du MITECO.<\/p>\n<p data-start=\"848\" data-end=\"1096\">Le Registre de l\u2019Empreinte Carbone permet d\u2019identifier les organisations qui agissent de mani\u00e8re responsable face au changement climatique et distingue celles qui, comme Emsa, avancent vers une gestion plus efficace et durable de leurs processus.<\/p>\n<p data-start=\"1098\" data-end=\"1322\">Cette nouvelle \u00e9tape refl\u00e8te notre engagement envers le pilier environnemental du <strong>plan <em data-start=\"1185\" data-end=\"1194\">We Care<\/em><\/strong>, orient\u00e9 vers la minimisation de l\u2019impact environnemental et la contribution active \u00e0 la d\u00e9carbonisation du secteur chimique.<\/p>\n","protected":false},"excerpt":{"rendered":"<p>Emsa franchit une nouvelle \u00e9tape dans son engagement climatique en atteignant la Phase 2 (R\u00e9duction) du Registre officiel de l\u2019Empreinte Carbone du MITECO.<\/p>\n","protected":false},"author":12,"featured_media":14838,"comment_status":"open","ping_status":"open","sticky":false,"template":"","format":"standard","meta":{"_acf_changed":false,"footnotes":""},"categories":[102,111],"tags":[],"class_list":["post-14843","post","type-post","status-publish","format-standard","has-post-thumbnail","hentry","category-general-fr","category-sostenibilidad-fr"],"acf":[],"yoast_head":"<!-- This site is optimized with the Yoast SEO plugin v27.5 - https:\/\/yoast.com\/product\/yoast-seo-wordpress\/ -->\n<title>EMSA entre dans la Phase 2 du Registre de l\u2019Empreinte Carbone du MITECO - Emsa<\/title>\n<meta name=\"description\" content=\"Emsa Tecnolog\u00eda Qu\u00edmica atteint la Phase 2 (R\u00e9duction) du Registre de l\u2019Empreinte Carbone du MITECO, consolidant son engagement envers la r\u00e9duction des \u00e9missions.\" \/>\n<meta name=\"robots\" content=\"index, follow, max-snippet:-1, max-image-preview:large, max-video-preview:-1\" \/>\n<link rel=\"canonical\" href=\"https:\/\/emsaquimica.com\/fr\/2025\/11\/06\/emsa-entre-dans-la-phase-2-du-registre-de-lempreinte-carbone-du-miteco\/\" \/>\n<meta property=\"og:locale\" content=\"fr_FR\" \/>\n<meta property=\"og:type\" content=\"article\" \/>\n<meta property=\"og:title\" content=\"EMSA entre dans la Phase 2 du Registre de l\u2019Empreinte Carbone du MITECO - Emsa\" \/>\n<meta property=\"og:description\" content=\"Emsa Tecnolog\u00eda Qu\u00edmica atteint la Phase 2 (R\u00e9duction) du Registre de l\u2019Empreinte Carbone du MITECO, consolidant son engagement envers la r\u00e9duction des \u00e9missions.\" \/>\n<meta property=\"og:url\" content=\"https:\/\/emsaquimica.com\/fr\/2025\/11\/06\/emsa-entre-dans-la-phase-2-du-registre-de-lempreinte-carbone-du-miteco\/\" \/>\n<meta property=\"og:site_name\" content=\"Emsa\" \/>\n<meta property=\"article:published_time\" content=\"2025-11-06T16:15:48+00:00\" \/>\n<meta property=\"article:modified_time\" content=\"2025-11-06T16:21:43+00:00\" \/>\n<meta property=\"og:image\" content=\"https:\/\/emsaquimica.com\/wp-content\/uploads\/2025\/11\/MITECO_-blog-1-1024x704.png\" \/>\n\t<meta property=\"og:image:width\" content=\"1024\" \/>\n\t<meta property=\"og:image:height\" content=\"704\" \/>\n\t<meta property=\"og:image:type\" content=\"image\/png\" \/>\n<meta name=\"author\" content=\"Marina Gimenez\" \/>\n<meta name=\"twitter:card\" content=\"summary_large_image\" \/>\n<meta name=\"twitter:label1\" content=\"\u00c9crit par\" \/>\n\t<meta name=\"twitter:data1\" content=\"Marina Gimenez\" \/>\n\t<meta name=\"twitter:label2\" content=\"Dur\u00e9e de lecture estim\u00e9e\" \/>\n\t<meta name=\"twitter:data2\" content=\"2 minutes\" \/>\n<script type=\"application\/ld+json\" class=\"yoast-schema-graph\">{\"@context\":\"https:\\\/\\\/schema.org\",\"@graph\":[{\"@type\":\"Article\",\"@id\":\"https:\\\/\\\/emsaquimica.com\\\/fr\\\/2025\\\/11\\\/06\\\/emsa-entre-dans-la-phase-2-du-registre-de-lempreinte-carbone-du-miteco\\\/#article\",\"isPartOf\":{\"@id\":\"https:\\\/\\\/emsaquimica.com\\\/fr\\\/2025\\\/11\\\/06\\\/emsa-entre-dans-la-phase-2-du-registre-de-lempreinte-carbone-du-miteco\\\/\"},\"author\":{\"name\":\"Marina Gimenez\",\"@id\":\"https:\\\/\\\/emsaquimica.com\\\/fr\\\/#\\\/schema\\\/person\\\/427369c3666537b67fa259fbe589383e\"},\"headline\":\"EMSA entre dans la Phase 2 du Registre de l\u2019Empreinte Carbone du MITECO\",\"datePublished\":\"2025-11-06T16:15:48+00:00\",\"dateModified\":\"2025-11-06T16:21:43+00:00\",\"mainEntityOfPage\":{\"@id\":\"https:\\\/\\\/emsaquimica.com\\\/fr\\\/2025\\\/11\\\/06\\\/emsa-entre-dans-la-phase-2-du-registre-de-lempreinte-carbone-du-miteco\\\/\"},\"wordCount\":210,\"commentCount\":0,\"publisher\":{\"@id\":\"https:\\\/\\\/emsaquimica.com\\\/fr\\\/#organization\"},\"image\":{\"@id\":\"https:\\\/\\\/emsaquimica.com\\\/fr\\\/2025\\\/11\\\/06\\\/emsa-entre-dans-la-phase-2-du-registre-de-lempreinte-carbone-du-miteco\\\/#primaryimage\"},\"thumbnailUrl\":\"https:\\\/\\\/emsaquimica.com\\\/wp-content\\\/uploads\\\/2025\\\/11\\\/MITECO_-blog-1.png\",\"articleSection\":[\"GENERAL\",\"SOSTENIBILIDAD\"],\"inLanguage\":\"fr-FR\",\"potentialAction\":[{\"@type\":\"CommentAction\",\"name\":\"Comment\",\"target\":[\"https:\\\/\\\/emsaquimica.com\\\/fr\\\/2025\\\/11\\\/06\\\/emsa-entre-dans-la-phase-2-du-registre-de-lempreinte-carbone-du-miteco\\\/#respond\"]}]},{\"@type\":\"WebPage\",\"@id\":\"https:\\\/\\\/emsaquimica.com\\\/fr\\\/2025\\\/11\\\/06\\\/emsa-entre-dans-la-phase-2-du-registre-de-lempreinte-carbone-du-miteco\\\/\",\"url\":\"https:\\\/\\\/emsaquimica.com\\\/fr\\\/2025\\\/11\\\/06\\\/emsa-entre-dans-la-phase-2-du-registre-de-lempreinte-carbone-du-miteco\\\/\",\"name\":\"EMSA entre dans la Phase 2 du Registre de l\u2019Empreinte Carbone du MITECO - Emsa\",\"isPartOf\":{\"@id\":\"https:\\\/\\\/emsaquimica.com\\\/fr\\\/#website\"},\"primaryImageOfPage\":{\"@id\":\"https:\\\/\\\/emsaquimica.com\\\/fr\\\/2025\\\/11\\\/06\\\/emsa-entre-dans-la-phase-2-du-registre-de-lempreinte-carbone-du-miteco\\\/#primaryimage\"},\"image\":{\"@id\":\"https:\\\/\\\/emsaquimica.com\\\/fr\\\/2025\\\/11\\\/06\\\/emsa-entre-dans-la-phase-2-du-registre-de-lempreinte-carbone-du-miteco\\\/#primaryimage\"},\"thumbnailUrl\":\"https:\\\/\\\/emsaquimica.com\\\/wp-content\\\/uploads\\\/2025\\\/11\\\/MITECO_-blog-1.png\",\"datePublished\":\"2025-11-06T16:15:48+00:00\",\"dateModified\":\"2025-11-06T16:21:43+00:00\",\"description\":\"Emsa Tecnolog\u00eda Qu\u00edmica atteint la Phase 2 (R\u00e9duction) du Registre de l\u2019Empreinte Carbone du MITECO, consolidant son engagement envers la r\u00e9duction des \u00e9missions.\",\"breadcrumb\":{\"@id\":\"https:\\\/\\\/emsaquimica.com\\\/fr\\\/2025\\\/11\\\/06\\\/emsa-entre-dans-la-phase-2-du-registre-de-lempreinte-carbone-du-miteco\\\/#breadcrumb\"},\"inLanguage\":\"fr-FR\",\"potentialAction\":[{\"@type\":\"ReadAction\",\"target\":[\"https:\\\/\\\/emsaquimica.com\\\/fr\\\/2025\\\/11\\\/06\\\/emsa-entre-dans-la-phase-2-du-registre-de-lempreinte-carbone-du-miteco\\\/\"]}]},{\"@type\":\"ImageObject\",\"inLanguage\":\"fr-FR\",\"@id\":\"https:\\\/\\\/emsaquimica.com\\\/fr\\\/2025\\\/11\\\/06\\\/emsa-entre-dans-la-phase-2-du-registre-de-lempreinte-carbone-du-miteco\\\/#primaryimage\",\"url\":\"https:\\\/\\\/emsaquimica.com\\\/wp-content\\\/uploads\\\/2025\\\/11\\\/MITECO_-blog-1.png\",\"contentUrl\":\"https:\\\/\\\/emsaquimica.com\\\/wp-content\\\/uploads\\\/2025\\\/11\\\/MITECO_-blog-1.png\",\"width\":1600,\"height\":1100},{\"@type\":\"BreadcrumbList\",\"@id\":\"https:\\\/\\\/emsaquimica.com\\\/fr\\\/2025\\\/11\\\/06\\\/emsa-entre-dans-la-phase-2-du-registre-de-lempreinte-carbone-du-miteco\\\/#breadcrumb\",\"itemListElement\":[{\"@type\":\"ListItem\",\"position\":1,\"name\":\"Portada\",\"item\":\"https:\\\/\\\/emsaquimica.com\\\/fr\\\/\"},{\"@type\":\"ListItem\",\"position\":2,\"name\":\"EMSA entre dans la Phase 2 du Registre de l\u2019Empreinte Carbone du MITECO\"}]},{\"@type\":\"WebSite\",\"@id\":\"https:\\\/\\\/emsaquimica.com\\\/fr\\\/#website\",\"url\":\"https:\\\/\\\/emsaquimica.com\\\/fr\\\/\",\"name\":\"Emsa\",\"description\":\"Committed Chemistry\",\"publisher\":{\"@id\":\"https:\\\/\\\/emsaquimica.com\\\/fr\\\/#organization\"},\"potentialAction\":[{\"@type\":\"SearchAction\",\"target\":{\"@type\":\"EntryPoint\",\"urlTemplate\":\"https:\\\/\\\/emsaquimica.com\\\/fr\\\/?s={search_term_string}\"},\"query-input\":{\"@type\":\"PropertyValueSpecification\",\"valueRequired\":true,\"valueName\":\"search_term_string\"}}],\"inLanguage\":\"fr-FR\"},{\"@type\":\"Organization\",\"@id\":\"https:\\\/\\\/emsaquimica.com\\\/fr\\\/#organization\",\"name\":\"Emsa\",\"url\":\"https:\\\/\\\/emsaquimica.com\\\/fr\\\/\",\"logo\":{\"@type\":\"ImageObject\",\"inLanguage\":\"fr-FR\",\"@id\":\"https:\\\/\\\/emsaquimica.com\\\/fr\\\/#\\\/schema\\\/logo\\\/image\\\/\",\"url\":\"https:\\\/\\\/emsaquimica.com\\\/wp-content\\\/uploads\\\/2021\\\/11\\\/Logo-Emsa.svg\",\"contentUrl\":\"https:\\\/\\\/emsaquimica.com\\\/wp-content\\\/uploads\\\/2021\\\/11\\\/Logo-Emsa.svg\",\"width\":200,\"height\":50,\"caption\":\"Emsa\"},\"image\":{\"@id\":\"https:\\\/\\\/emsaquimica.com\\\/fr\\\/#\\\/schema\\\/logo\\\/image\\\/\"}},{\"@type\":\"Person\",\"@id\":\"https:\\\/\\\/emsaquimica.com\\\/fr\\\/#\\\/schema\\\/person\\\/427369c3666537b67fa259fbe589383e\",\"name\":\"Marina Gimenez\",\"image\":{\"@type\":\"ImageObject\",\"inLanguage\":\"fr-FR\",\"@id\":\"https:\\\/\\\/secure.gravatar.com\\\/avatar\\\/7365793a639fec663494da5659c4827908ce37ec91282bd0a3e1d40c78193cd3?s=96&d=mm&r=g\",\"url\":\"https:\\\/\\\/secure.gravatar.com\\\/avatar\\\/7365793a639fec663494da5659c4827908ce37ec91282bd0a3e1d40c78193cd3?s=96&d=mm&r=g\",\"contentUrl\":\"https:\\\/\\\/secure.gravatar.com\\\/avatar\\\/7365793a639fec663494da5659c4827908ce37ec91282bd0a3e1d40c78193cd3?s=96&d=mm&r=g\",\"caption\":\"Marina Gimenez\"},\"url\":\"https:\\\/\\\/emsaquimica.com\\\/fr\\\/author\\\/mgimenezemsaquimica-com\\\/\"}]}<\/script>\n<!-- \/ Yoast SEO plugin. -->","yoast_head_json":{"title":"EMSA entre dans la Phase 2 du Registre de l\u2019Empreinte Carbone du MITECO - Emsa","description":"Emsa Tecnolog\u00eda Qu\u00edmica atteint la Phase 2 (R\u00e9duction) du Registre de l\u2019Empreinte Carbone du MITECO, consolidant son engagement envers la r\u00e9duction des \u00e9missions.","robots":{"index":"index","follow":"follow","max-snippet":"max-snippet:-1","max-image-preview":"max-image-preview:large","max-video-preview":"max-video-preview:-1"},"canonical":"https:\/\/emsaquimica.com\/fr\/2025\/11\/06\/emsa-entre-dans-la-phase-2-du-registre-de-lempreinte-carbone-du-miteco\/","og_locale":"fr_FR","og_type":"article","og_title":"EMSA entre dans la Phase 2 du Registre de l\u2019Empreinte Carbone du MITECO - Emsa","og_description":"Emsa Tecnolog\u00eda Qu\u00edmica atteint la Phase 2 (R\u00e9duction) du Registre de l\u2019Empreinte Carbone du MITECO, consolidant son engagement envers la r\u00e9duction des \u00e9missions.","og_url":"https:\/\/emsaquimica.com\/fr\/2025\/11\/06\/emsa-entre-dans-la-phase-2-du-registre-de-lempreinte-carbone-du-miteco\/","og_site_name":"Emsa","article_published_time":"2025-11-06T16:15:48+00:00","article_modified_time":"2025-11-06T16:21:43+00:00","og_image":[{"width":1024,"height":704,"url":"https:\/\/emsaquimica.com\/wp-content\/uploads\/2025\/11\/MITECO_-blog-1-1024x704.png","type":"image\/png"}],"author":"Marina Gimenez","twitter_card":"summary_large_image","twitter_misc":{"\u00c9crit par":"Marina Gimenez","Dur\u00e9e de lecture estim\u00e9e":"2 minutes"},"schema":{"@context":"https:\/\/schema.org","@graph":[{"@type":"Article","@id":"https:\/\/emsaquimica.com\/fr\/2025\/11\/06\/emsa-entre-dans-la-phase-2-du-registre-de-lempreinte-carbone-du-miteco\/#article","isPartOf":{"@id":"https:\/\/emsaquimica.com\/fr\/2025\/11\/06\/emsa-entre-dans-la-phase-2-du-registre-de-lempreinte-carbone-du-miteco\/"},"author":{"name":"Marina Gimenez","@id":"https:\/\/emsaquimica.com\/fr\/#\/schema\/person\/427369c3666537b67fa259fbe589383e"},"headline":"EMSA entre dans la Phase 2 du Registre de l\u2019Empreinte Carbone du MITECO","datePublished":"2025-11-06T16:15:48+00:00","dateModified":"2025-11-06T16:21:43+00:00","mainEntityOfPage":{"@id":"https:\/\/emsaquimica.com\/fr\/2025\/11\/06\/emsa-entre-dans-la-phase-2-du-registre-de-lempreinte-carbone-du-miteco\/"},"wordCount":210,"commentCount":0,"publisher":{"@id":"https:\/\/emsaquimica.com\/fr\/#organization"},"image":{"@id":"https:\/\/emsaquimica.com\/fr\/2025\/11\/06\/emsa-entre-dans-la-phase-2-du-registre-de-lempreinte-carbone-du-miteco\/#primaryimage"},"thumbnailUrl":"https:\/\/emsaquimica.com\/wp-content\/uploads\/2025\/11\/MITECO_-blog-1.png","articleSection":["GENERAL","SOSTENIBILIDAD"],"inLanguage":"fr-FR","potentialAction":[{"@type":"CommentAction","name":"Comment","target":["https:\/\/emsaquimica.com\/fr\/2025\/11\/06\/emsa-entre-dans-la-phase-2-du-registre-de-lempreinte-carbone-du-miteco\/#respond"]}]},{"@type":"WebPage","@id":"https:\/\/emsaquimica.com\/fr\/2025\/11\/06\/emsa-entre-dans-la-phase-2-du-registre-de-lempreinte-carbone-du-miteco\/","url":"https:\/\/emsaquimica.com\/fr\/2025\/11\/06\/emsa-entre-dans-la-phase-2-du-registre-de-lempreinte-carbone-du-miteco\/","name":"EMSA entre dans la Phase 2 du Registre de l\u2019Empreinte Carbone du MITECO - Emsa","isPartOf":{"@id":"https:\/\/emsaquimica.com\/fr\/#website"},"primaryImageOfPage":{"@id":"https:\/\/emsaquimica.com\/fr\/2025\/11\/06\/emsa-entre-dans-la-phase-2-du-registre-de-lempreinte-carbone-du-miteco\/#primaryimage"},"image":{"@id":"https:\/\/emsaquimica.com\/fr\/2025\/11\/06\/emsa-entre-dans-la-phase-2-du-registre-de-lempreinte-carbone-du-miteco\/#primaryimage"},"thumbnailUrl":"https:\/\/emsaquimica.com\/wp-content\/uploads\/2025\/11\/MITECO_-blog-1.png","datePublished":"2025-11-06T16:15:48+00:00","dateModified":"2025-11-06T16:21:43+00:00","description":"Emsa Tecnolog\u00eda Qu\u00edmica atteint la Phase 2 (R\u00e9duction) du Registre de l\u2019Empreinte Carbone du MITECO, consolidant son engagement envers la r\u00e9duction des \u00e9missions.","breadcrumb":{"@id":"https:\/\/emsaquimica.com\/fr\/2025\/11\/06\/emsa-entre-dans-la-phase-2-du-registre-de-lempreinte-carbone-du-miteco\/#breadcrumb"},"inLanguage":"fr-FR","potentialAction":[{"@type":"ReadAction","target":["https:\/\/emsaquimica.com\/fr\/2025\/11\/06\/emsa-entre-dans-la-phase-2-du-registre-de-lempreinte-carbone-du-miteco\/"]}]},{"@type":"ImageObject","inLanguage":"fr-FR","@id":"https:\/\/emsaquimica.com\/fr\/2025\/11\/06\/emsa-entre-dans-la-phase-2-du-registre-de-lempreinte-carbone-du-miteco\/#primaryimage","url":"https:\/\/emsaquimica.com\/wp-content\/uploads\/2025\/11\/MITECO_-blog-1.png","contentUrl":"https:\/\/emsaquimica.com\/wp-content\/uploads\/2025\/11\/MITECO_-blog-1.png","width":1600,"height":1100},{"@type":"BreadcrumbList","@id":"https:\/\/emsaquimica.com\/fr\/2025\/11\/06\/emsa-entre-dans-la-phase-2-du-registre-de-lempreinte-carbone-du-miteco\/#breadcrumb","itemListElement":[{"@type":"ListItem","position":1,"name":"Portada","item":"https:\/\/emsaquimica.com\/fr\/"},{"@type":"ListItem","position":2,"name":"EMSA entre dans la Phase 2 du Registre de l\u2019Empreinte Carbone du MITECO"}]},{"@type":"WebSite","@id":"https:\/\/emsaquimica.com\/fr\/#website","url":"https:\/\/emsaquimica.com\/fr\/","name":"Emsa","description":"Committed Chemistry","publisher":{"@id":"https:\/\/emsaquimica.com\/fr\/#organization"},"potentialAction":[{"@type":"SearchAction","target":{"@type":"EntryPoint","urlTemplate":"https:\/\/emsaquimica.com\/fr\/?s={search_term_string}"},"query-input":{"@type":"PropertyValueSpecification","valueRequired":true,"valueName":"search_term_string"}}],"inLanguage":"fr-FR"},{"@type":"Organization","@id":"https:\/\/emsaquimica.com\/fr\/#organization","name":"Emsa","url":"https:\/\/emsaquimica.com\/fr\/","logo":{"@type":"ImageObject","inLanguage":"fr-FR","@id":"https:\/\/emsaquimica.com\/fr\/#\/schema\/logo\/image\/","url":"https:\/\/emsaquimica.com\/wp-content\/uploads\/2021\/11\/Logo-Emsa.svg","contentUrl":"https:\/\/emsaquimica.com\/wp-content\/uploads\/2021\/11\/Logo-Emsa.svg","width":200,"height":50,"caption":"Emsa"},"image":{"@id":"https:\/\/emsaquimica.com\/fr\/#\/schema\/logo\/image\/"}},{"@type":"Person","@id":"https:\/\/emsaquimica.com\/fr\/#\/schema\/person\/427369c3666537b67fa259fbe589383e","name":"Marina Gimenez","image":{"@type":"ImageObject","inLanguage":"fr-FR","@id":"https:\/\/secure.gravatar.com\/avatar\/7365793a639fec663494da5659c4827908ce37ec91282bd0a3e1d40c78193cd3?s=96&d=mm&r=g","url":"https:\/\/secure.gravatar.com\/avatar\/7365793a639fec663494da5659c4827908ce37ec91282bd0a3e1d40c78193cd3?s=96&d=mm&r=g","contentUrl":"https:\/\/secure.gravatar.com\/avatar\/7365793a639fec663494da5659c4827908ce37ec91282bd0a3e1d40c78193cd3?s=96&d=mm&r=g","caption":"Marina Gimenez"},"url":"https:\/\/emsaquimica.com\/fr\/author\/mgimenezemsaquimica-com\/"}]}},"_links":{"self":[{"href":"https:\/\/emsaquimica.com\/fr\/wp-json\/wp\/v2\/posts\/14843","targetHints":{"allow":["GET"]}}],"collection":[{"href":"https:\/\/emsaquimica.com\/fr\/wp-json\/wp\/v2\/posts"}],"about":[{"href":"https:\/\/emsaquimica.com\/fr\/wp-json\/wp\/v2\/types\/post"}],"author":[{"embeddable":true,"href":"https:\/\/emsaquimica.com\/fr\/wp-json\/wp\/v2\/users\/12"}],"replies":[{"embeddable":true,"href":"https:\/\/emsaquimica.com\/fr\/wp-json\/wp\/v2\/comments?post=14843"}],"version-history":[{"count":1,"href":"https:\/\/emsaquimica.com\/fr\/wp-json\/wp\/v2\/posts\/14843\/revisions"}],"predecessor-version":[{"id":14844,"href":"https:\/\/emsaquimica.com\/fr\/wp-json\/wp\/v2\/posts\/14843\/revisions\/14844"}],"wp:featuredmedia":[{"embeddable":true,"href":"https:\/\/emsaquimica.com\/fr\/wp-json\/wp\/v2\/media\/14838"}],"wp:attachment":[{"href":"https:\/\/emsaquimica.com\/fr\/wp-json\/wp\/v2\/media?parent=14843"}],"wp:term":[{"taxonomy":"category","embeddable":true,"href":"https:\/\/emsaquimica.com\/fr\/wp-json\/wp\/v2\/categories?post=14843"},{"taxonomy":"post_tag","embeddable":true,"href":"https:\/\/emsaquimica.com\/fr\/wp-json\/wp\/v2\/tags?post=14843"}],"curies":[{"name":"wp","href":"https:\/\/api.w.org\/{rel}","templated":true}]}}