{"id":15292,"date":"2026-02-11T09:01:57","date_gmt":"2026-02-11T08:01:57","guid":{"rendered":"https:\/\/emsaquimica.com\/?p=15292"},"modified":"2026-02-11T09:03:03","modified_gmt":"2026-02-11T08:03:03","slug":"11-fevrier-journee-internationale-des-femmes-et-des-filles-de-science","status":"publish","type":"post","link":"https:\/\/emsaquimica.com\/fr\/2026\/02\/11\/11-fevrier-journee-internationale-des-femmes-et-des-filles-de-science\/","title":{"rendered":"11 f\u00e9vrier \u2013 Journ\u00e9e internationale des femmes et des filles de science"},"content":{"rendered":"<h3><span style=\"color: #62b5e5;\">Lettre \u00e0 une future scientifique<\/span><\/h3>\n<blockquote>\n<p data-start=\"178\" data-end=\"269\"><em>Tu ne le sais peut-\u00eatre pas encore, mais ta curiosit\u00e9 est l\u2019une de tes plus grandes forces.<\/em><\/p>\n<p data-start=\"271\" data-end=\"440\"><em>Peut-\u00eatre qu\u2019aujourd\u2019hui tu te poses beaucoup de questions.<\/em><br data-start=\"330\" data-end=\"333\" \/><em>Peut-\u00eatre que tu doutes de toi.<\/em><br data-start=\"364\" data-end=\"367\" \/><em>Peut-\u00eatre que tu ne sais pas encore si la science est \u00ab faite pour toi \u00bb.<\/em><\/p>\n<p data-start=\"442\" data-end=\"586\"><em>La science commence pr\u00e9cis\u00e9ment l\u00e0 : dans la curiosit\u00e9, dans l\u2019envie de comprendre et dans le refus de se contenter de ce qui est d\u00e9j\u00e0 expliqu\u00e9.<\/em><\/p>\n<p data-start=\"588\" data-end=\"954\"><em>\u00c9tudier les sciences demande des efforts, de la pers\u00e9v\u00e9rance et de nombreuses heures d\u2019apprentissage. Ce n\u2019est pas toujours un chemin facile. Il y aura des moments de doute et des d\u00e9fis qui mettront ta d\u00e9termination \u00e0 l\u2019\u00e9preuve. Mais il y aura aussi des d\u00e9couvertes, des apprentissages et la satisfaction de savoir que tes connaissances peuvent avoir un impact r\u00e9el.<\/em><\/p>\n<p data-start=\"956\" data-end=\"1178\"><em>La science m\u2019a appris \u00e0 observer, \u00e0 analyser et \u00e0 prendre des d\u00e9cisions avec discernement. Avec le temps, j\u2019ai compris que le savoir technique est un outil extr\u00eamement puissant lorsqu\u2019il est utilis\u00e9 de mani\u00e8re responsable.<\/em><\/p>\n<p data-start=\"1180\" data-end=\"1352\"><em>La science, ce n\u2019est pas seulement des laboratoires et des formules.<\/em><br data-start=\"1248\" data-end=\"1251\" \/><em>C\u2019est aussi la pens\u00e9e critique, le travail d\u2019\u00e9quipe et la vision.<\/em><br data-start=\"1316\" data-end=\"1319\" \/><em>Et c\u2019est \u00e9galement un engagement.<\/em><\/p>\n<p data-start=\"1354\" data-end=\"1635\"><em>Si tu choisis cette voie, cherche des environnements qui prennent soin de ta curiosit\u00e9, respectent tes efforts et te permettent de grandir avec rigueur. La science et l\u2019industrie ont besoin de talents bien form\u00e9s et de personnes qui font les choses avec exigence et responsabilit\u00e9.<\/em><\/p>\n<p data-start=\"1637\" data-end=\"1763\"><em>Parce que chaque jeune fille qui ose aujourd\u2019hui r\u00eaver de science peut devenir demain la femme qui fera avancer le changement.<\/em><\/p>\n<p data-start=\"1765\" data-end=\"1816\"><em><strong data-start=\"1765\" data-end=\"1784\">Patricia Elvira<\/strong><\/em><br data-start=\"1784\" data-end=\"1787\" \/><em>CEO \u2013 EMSA Tecnolog\u00eda Qu\u00edmica<\/em><\/p>\n<\/blockquote>\n","protected":false},"excerpt":{"rendered":"<p>Une lettre de Patricia Elvira pour inspirer les filles \u00e0 s\u2019engager dans les sciences avec curiosit\u00e9, pers\u00e9v\u00e9rance et impact r\u00e9el.<\/p>\n","protected":false},"author":12,"featured_media":15331,"comment_status":"open","ping_status":"open","sticky":false,"template":"","format":"standard","meta":{"_acf_changed":false,"footnotes":""},"categories":[102],"tags":[],"class_list":["post-15292","post","type-post","status-publish","format-standard","has-post-thumbnail","hentry","category-general-fr"],"acf":[],"yoast_head":"<!-- This site is optimized with the Yoast SEO plugin v27.5 - https:\/\/yoast.com\/product\/yoast-seo-wordpress\/ -->\n<title>11 f\u00e9vrier \u2013 Journ\u00e9e internationale des femmes et des filles de science - Emsa<\/title>\n<meta name=\"description\" content=\"Une lettre de Patricia Elvira, CEO d\u2019Emsa Tecnolog\u00eda Qu\u00edmica, pour inspirer les filles \u00e0 s\u2019engager dans les sciences avec curiosit\u00e9 et rigueur.\" \/>\n<meta name=\"robots\" content=\"index, follow, max-snippet:-1, max-image-preview:large, max-video-preview:-1\" \/>\n<link rel=\"canonical\" href=\"https:\/\/emsaquimica.com\/fr\/2026\/02\/11\/11-fevrier-journee-internationale-des-femmes-et-des-filles-de-science\/\" \/>\n<meta property=\"og:locale\" content=\"fr_FR\" \/>\n<meta property=\"og:type\" content=\"article\" \/>\n<meta property=\"og:title\" content=\"11 f\u00e9vrier \u2013 Journ\u00e9e internationale des femmes et des filles de science - Emsa\" \/>\n<meta property=\"og:description\" content=\"Une lettre de Patricia Elvira, CEO d\u2019Emsa Tecnolog\u00eda Qu\u00edmica, pour inspirer les filles \u00e0 s\u2019engager dans les sciences avec curiosit\u00e9 et rigueur.\" \/>\n<meta property=\"og:url\" content=\"https:\/\/emsaquimica.com\/fr\/2026\/02\/11\/11-fevrier-journee-internationale-des-femmes-et-des-filles-de-science\/\" \/>\n<meta property=\"og:site_name\" content=\"Emsa\" \/>\n<meta property=\"article:published_time\" content=\"2026-02-11T08:01:57+00:00\" \/>\n<meta property=\"article:modified_time\" content=\"2026-02-11T08:03:03+00:00\" \/>\n<meta property=\"og:image\" content=\"https:\/\/emsaquimica.com\/wp-content\/uploads\/2026\/02\/3.png\" \/>\n\t<meta property=\"og:image:width\" content=\"1600\" \/>\n\t<meta property=\"og:image:height\" content=\"1100\" \/>\n\t<meta property=\"og:image:type\" content=\"image\/png\" \/>\n<meta name=\"author\" content=\"Marina Gimenez\" \/>\n<meta name=\"twitter:card\" content=\"summary_large_image\" \/>\n<meta name=\"twitter:label1\" content=\"\u00c9crit par\" \/>\n\t<meta name=\"twitter:data1\" content=\"Marina Gimenez\" \/>\n\t<meta name=\"twitter:label2\" content=\"Dur\u00e9e de lecture estim\u00e9e\" \/>\n\t<meta name=\"twitter:data2\" content=\"1 minute\" \/>\n<script type=\"application\/ld+json\" class=\"yoast-schema-graph\">{\"@context\":\"https:\\\/\\\/schema.org\",\"@graph\":[{\"@type\":\"Article\",\"@id\":\"https:\\\/\\\/emsaquimica.com\\\/fr\\\/2026\\\/02\\\/11\\\/11-fevrier-journee-internationale-des-femmes-et-des-filles-de-science\\\/#article\",\"isPartOf\":{\"@id\":\"https:\\\/\\\/emsaquimica.com\\\/fr\\\/2026\\\/02\\\/11\\\/11-fevrier-journee-internationale-des-femmes-et-des-filles-de-science\\\/\"},\"author\":{\"name\":\"Marina Gimenez\",\"@id\":\"https:\\\/\\\/emsaquimica.com\\\/fr\\\/#\\\/schema\\\/person\\\/427369c3666537b67fa259fbe589383e\"},\"headline\":\"11 f\u00e9vrier \u2013 Journ\u00e9e internationale des femmes et des filles de science\",\"datePublished\":\"2026-02-11T08:01:57+00:00\",\"dateModified\":\"2026-02-11T08:03:03+00:00\",\"mainEntityOfPage\":{\"@id\":\"https:\\\/\\\/emsaquimica.com\\\/fr\\\/2026\\\/02\\\/11\\\/11-fevrier-journee-internationale-des-femmes-et-des-filles-de-science\\\/\"},\"wordCount\":312,\"commentCount\":0,\"publisher\":{\"@id\":\"https:\\\/\\\/emsaquimica.com\\\/fr\\\/#organization\"},\"image\":{\"@id\":\"https:\\\/\\\/emsaquimica.com\\\/fr\\\/2026\\\/02\\\/11\\\/11-fevrier-journee-internationale-des-femmes-et-des-filles-de-science\\\/#primaryimage\"},\"thumbnailUrl\":\"https:\\\/\\\/emsaquimica.com\\\/wp-content\\\/uploads\\\/2026\\\/02\\\/3.png\",\"articleSection\":[\"GENERAL\"],\"inLanguage\":\"fr-FR\",\"potentialAction\":[{\"@type\":\"CommentAction\",\"name\":\"Comment\",\"target\":[\"https:\\\/\\\/emsaquimica.com\\\/fr\\\/2026\\\/02\\\/11\\\/11-fevrier-journee-internationale-des-femmes-et-des-filles-de-science\\\/#respond\"]}]},{\"@type\":\"WebPage\",\"@id\":\"https:\\\/\\\/emsaquimica.com\\\/fr\\\/2026\\\/02\\\/11\\\/11-fevrier-journee-internationale-des-femmes-et-des-filles-de-science\\\/\",\"url\":\"https:\\\/\\\/emsaquimica.com\\\/fr\\\/2026\\\/02\\\/11\\\/11-fevrier-journee-internationale-des-femmes-et-des-filles-de-science\\\/\",\"name\":\"11 f\u00e9vrier \u2013 Journ\u00e9e internationale des femmes et des filles de science - Emsa\",\"isPartOf\":{\"@id\":\"https:\\\/\\\/emsaquimica.com\\\/fr\\\/#website\"},\"primaryImageOfPage\":{\"@id\":\"https:\\\/\\\/emsaquimica.com\\\/fr\\\/2026\\\/02\\\/11\\\/11-fevrier-journee-internationale-des-femmes-et-des-filles-de-science\\\/#primaryimage\"},\"image\":{\"@id\":\"https:\\\/\\\/emsaquimica.com\\\/fr\\\/2026\\\/02\\\/11\\\/11-fevrier-journee-internationale-des-femmes-et-des-filles-de-science\\\/#primaryimage\"},\"thumbnailUrl\":\"https:\\\/\\\/emsaquimica.com\\\/wp-content\\\/uploads\\\/2026\\\/02\\\/3.png\",\"datePublished\":\"2026-02-11T08:01:57+00:00\",\"dateModified\":\"2026-02-11T08:03:03+00:00\",\"description\":\"Une lettre de Patricia Elvira, CEO d\u2019Emsa Tecnolog\u00eda Qu\u00edmica, pour inspirer les filles \u00e0 s\u2019engager dans les sciences avec curiosit\u00e9 et rigueur.\",\"breadcrumb\":{\"@id\":\"https:\\\/\\\/emsaquimica.com\\\/fr\\\/2026\\\/02\\\/11\\\/11-fevrier-journee-internationale-des-femmes-et-des-filles-de-science\\\/#breadcrumb\"},\"inLanguage\":\"fr-FR\",\"potentialAction\":[{\"@type\":\"ReadAction\",\"target\":[\"https:\\\/\\\/emsaquimica.com\\\/fr\\\/2026\\\/02\\\/11\\\/11-fevrier-journee-internationale-des-femmes-et-des-filles-de-science\\\/\"]}]},{\"@type\":\"ImageObject\",\"inLanguage\":\"fr-FR\",\"@id\":\"https:\\\/\\\/emsaquimica.com\\\/fr\\\/2026\\\/02\\\/11\\\/11-fevrier-journee-internationale-des-femmes-et-des-filles-de-science\\\/#primaryimage\",\"url\":\"https:\\\/\\\/emsaquimica.com\\\/wp-content\\\/uploads\\\/2026\\\/02\\\/3.png\",\"contentUrl\":\"https:\\\/\\\/emsaquimica.com\\\/wp-content\\\/uploads\\\/2026\\\/02\\\/3.png\",\"width\":1600,\"height\":1100},{\"@type\":\"BreadcrumbList\",\"@id\":\"https:\\\/\\\/emsaquimica.com\\\/fr\\\/2026\\\/02\\\/11\\\/11-fevrier-journee-internationale-des-femmes-et-des-filles-de-science\\\/#breadcrumb\",\"itemListElement\":[{\"@type\":\"ListItem\",\"position\":1,\"name\":\"Portada\",\"item\":\"https:\\\/\\\/emsaquimica.com\\\/fr\\\/\"},{\"@type\":\"ListItem\",\"position\":2,\"name\":\"11 f\u00e9vrier \u2013 Journ\u00e9e internationale des femmes et des filles de science\"}]},{\"@type\":\"WebSite\",\"@id\":\"https:\\\/\\\/emsaquimica.com\\\/fr\\\/#website\",\"url\":\"https:\\\/\\\/emsaquimica.com\\\/fr\\\/\",\"name\":\"Emsa\",\"description\":\"Committed Chemistry\",\"publisher\":{\"@id\":\"https:\\\/\\\/emsaquimica.com\\\/fr\\\/#organization\"},\"potentialAction\":[{\"@type\":\"SearchAction\",\"target\":{\"@type\":\"EntryPoint\",\"urlTemplate\":\"https:\\\/\\\/emsaquimica.com\\\/fr\\\/?s={search_term_string}\"},\"query-input\":{\"@type\":\"PropertyValueSpecification\",\"valueRequired\":true,\"valueName\":\"search_term_string\"}}],\"inLanguage\":\"fr-FR\"},{\"@type\":\"Organization\",\"@id\":\"https:\\\/\\\/emsaquimica.com\\\/fr\\\/#organization\",\"name\":\"Emsa\",\"url\":\"https:\\\/\\\/emsaquimica.com\\\/fr\\\/\",\"logo\":{\"@type\":\"ImageObject\",\"inLanguage\":\"fr-FR\",\"@id\":\"https:\\\/\\\/emsaquimica.com\\\/fr\\\/#\\\/schema\\\/logo\\\/image\\\/\",\"url\":\"https:\\\/\\\/emsaquimica.com\\\/wp-content\\\/uploads\\\/2021\\\/11\\\/Logo-Emsa.svg\",\"contentUrl\":\"https:\\\/\\\/emsaquimica.com\\\/wp-content\\\/uploads\\\/2021\\\/11\\\/Logo-Emsa.svg\",\"width\":200,\"height\":50,\"caption\":\"Emsa\"},\"image\":{\"@id\":\"https:\\\/\\\/emsaquimica.com\\\/fr\\\/#\\\/schema\\\/logo\\\/image\\\/\"}},{\"@type\":\"Person\",\"@id\":\"https:\\\/\\\/emsaquimica.com\\\/fr\\\/#\\\/schema\\\/person\\\/427369c3666537b67fa259fbe589383e\",\"name\":\"Marina Gimenez\",\"image\":{\"@type\":\"ImageObject\",\"inLanguage\":\"fr-FR\",\"@id\":\"https:\\\/\\\/secure.gravatar.com\\\/avatar\\\/7365793a639fec663494da5659c4827908ce37ec91282bd0a3e1d40c78193cd3?s=96&d=mm&r=g\",\"url\":\"https:\\\/\\\/secure.gravatar.com\\\/avatar\\\/7365793a639fec663494da5659c4827908ce37ec91282bd0a3e1d40c78193cd3?s=96&d=mm&r=g\",\"contentUrl\":\"https:\\\/\\\/secure.gravatar.com\\\/avatar\\\/7365793a639fec663494da5659c4827908ce37ec91282bd0a3e1d40c78193cd3?s=96&d=mm&r=g\",\"caption\":\"Marina Gimenez\"},\"url\":\"https:\\\/\\\/emsaquimica.com\\\/fr\\\/author\\\/mgimenezemsaquimica-com\\\/\"}]}<\/script>\n<!-- \/ Yoast SEO plugin. -->","yoast_head_json":{"title":"11 f\u00e9vrier \u2013 Journ\u00e9e internationale des femmes et des filles de science - Emsa","description":"Une lettre de Patricia Elvira, CEO d\u2019Emsa Tecnolog\u00eda Qu\u00edmica, pour inspirer les filles \u00e0 s\u2019engager dans les sciences avec curiosit\u00e9 et rigueur.","robots":{"index":"index","follow":"follow","max-snippet":"max-snippet:-1","max-image-preview":"max-image-preview:large","max-video-preview":"max-video-preview:-1"},"canonical":"https:\/\/emsaquimica.com\/fr\/2026\/02\/11\/11-fevrier-journee-internationale-des-femmes-et-des-filles-de-science\/","og_locale":"fr_FR","og_type":"article","og_title":"11 f\u00e9vrier \u2013 Journ\u00e9e internationale des femmes et des filles de science - Emsa","og_description":"Une lettre de Patricia Elvira, CEO d\u2019Emsa Tecnolog\u00eda Qu\u00edmica, pour inspirer les filles \u00e0 s\u2019engager dans les sciences avec curiosit\u00e9 et rigueur.","og_url":"https:\/\/emsaquimica.com\/fr\/2026\/02\/11\/11-fevrier-journee-internationale-des-femmes-et-des-filles-de-science\/","og_site_name":"Emsa","article_published_time":"2026-02-11T08:01:57+00:00","article_modified_time":"2026-02-11T08:03:03+00:00","og_image":[{"width":1600,"height":1100,"url":"https:\/\/emsaquimica.com\/wp-content\/uploads\/2026\/02\/3.png","type":"image\/png"}],"author":"Marina Gimenez","twitter_card":"summary_large_image","twitter_misc":{"\u00c9crit par":"Marina Gimenez","Dur\u00e9e de lecture estim\u00e9e":"1 minute"},"schema":{"@context":"https:\/\/schema.org","@graph":[{"@type":"Article","@id":"https:\/\/emsaquimica.com\/fr\/2026\/02\/11\/11-fevrier-journee-internationale-des-femmes-et-des-filles-de-science\/#article","isPartOf":{"@id":"https:\/\/emsaquimica.com\/fr\/2026\/02\/11\/11-fevrier-journee-internationale-des-femmes-et-des-filles-de-science\/"},"author":{"name":"Marina Gimenez","@id":"https:\/\/emsaquimica.com\/fr\/#\/schema\/person\/427369c3666537b67fa259fbe589383e"},"headline":"11 f\u00e9vrier \u2013 Journ\u00e9e internationale des femmes et des filles de science","datePublished":"2026-02-11T08:01:57+00:00","dateModified":"2026-02-11T08:03:03+00:00","mainEntityOfPage":{"@id":"https:\/\/emsaquimica.com\/fr\/2026\/02\/11\/11-fevrier-journee-internationale-des-femmes-et-des-filles-de-science\/"},"wordCount":312,"commentCount":0,"publisher":{"@id":"https:\/\/emsaquimica.com\/fr\/#organization"},"image":{"@id":"https:\/\/emsaquimica.com\/fr\/2026\/02\/11\/11-fevrier-journee-internationale-des-femmes-et-des-filles-de-science\/#primaryimage"},"thumbnailUrl":"https:\/\/emsaquimica.com\/wp-content\/uploads\/2026\/02\/3.png","articleSection":["GENERAL"],"inLanguage":"fr-FR","potentialAction":[{"@type":"CommentAction","name":"Comment","target":["https:\/\/emsaquimica.com\/fr\/2026\/02\/11\/11-fevrier-journee-internationale-des-femmes-et-des-filles-de-science\/#respond"]}]},{"@type":"WebPage","@id":"https:\/\/emsaquimica.com\/fr\/2026\/02\/11\/11-fevrier-journee-internationale-des-femmes-et-des-filles-de-science\/","url":"https:\/\/emsaquimica.com\/fr\/2026\/02\/11\/11-fevrier-journee-internationale-des-femmes-et-des-filles-de-science\/","name":"11 f\u00e9vrier \u2013 Journ\u00e9e internationale des femmes et des filles de science - Emsa","isPartOf":{"@id":"https:\/\/emsaquimica.com\/fr\/#website"},"primaryImageOfPage":{"@id":"https:\/\/emsaquimica.com\/fr\/2026\/02\/11\/11-fevrier-journee-internationale-des-femmes-et-des-filles-de-science\/#primaryimage"},"image":{"@id":"https:\/\/emsaquimica.com\/fr\/2026\/02\/11\/11-fevrier-journee-internationale-des-femmes-et-des-filles-de-science\/#primaryimage"},"thumbnailUrl":"https:\/\/emsaquimica.com\/wp-content\/uploads\/2026\/02\/3.png","datePublished":"2026-02-11T08:01:57+00:00","dateModified":"2026-02-11T08:03:03+00:00","description":"Une lettre de Patricia Elvira, CEO d\u2019Emsa Tecnolog\u00eda Qu\u00edmica, pour inspirer les filles \u00e0 s\u2019engager dans les sciences avec curiosit\u00e9 et rigueur.","breadcrumb":{"@id":"https:\/\/emsaquimica.com\/fr\/2026\/02\/11\/11-fevrier-journee-internationale-des-femmes-et-des-filles-de-science\/#breadcrumb"},"inLanguage":"fr-FR","potentialAction":[{"@type":"ReadAction","target":["https:\/\/emsaquimica.com\/fr\/2026\/02\/11\/11-fevrier-journee-internationale-des-femmes-et-des-filles-de-science\/"]}]},{"@type":"ImageObject","inLanguage":"fr-FR","@id":"https:\/\/emsaquimica.com\/fr\/2026\/02\/11\/11-fevrier-journee-internationale-des-femmes-et-des-filles-de-science\/#primaryimage","url":"https:\/\/emsaquimica.com\/wp-content\/uploads\/2026\/02\/3.png","contentUrl":"https:\/\/emsaquimica.com\/wp-content\/uploads\/2026\/02\/3.png","width":1600,"height":1100},{"@type":"BreadcrumbList","@id":"https:\/\/emsaquimica.com\/fr\/2026\/02\/11\/11-fevrier-journee-internationale-des-femmes-et-des-filles-de-science\/#breadcrumb","itemListElement":[{"@type":"ListItem","position":1,"name":"Portada","item":"https:\/\/emsaquimica.com\/fr\/"},{"@type":"ListItem","position":2,"name":"11 f\u00e9vrier \u2013 Journ\u00e9e internationale des femmes et des filles de science"}]},{"@type":"WebSite","@id":"https:\/\/emsaquimica.com\/fr\/#website","url":"https:\/\/emsaquimica.com\/fr\/","name":"Emsa","description":"Committed Chemistry","publisher":{"@id":"https:\/\/emsaquimica.com\/fr\/#organization"},"potentialAction":[{"@type":"SearchAction","target":{"@type":"EntryPoint","urlTemplate":"https:\/\/emsaquimica.com\/fr\/?s={search_term_string}"},"query-input":{"@type":"PropertyValueSpecification","valueRequired":true,"valueName":"search_term_string"}}],"inLanguage":"fr-FR"},{"@type":"Organization","@id":"https:\/\/emsaquimica.com\/fr\/#organization","name":"Emsa","url":"https:\/\/emsaquimica.com\/fr\/","logo":{"@type":"ImageObject","inLanguage":"fr-FR","@id":"https:\/\/emsaquimica.com\/fr\/#\/schema\/logo\/image\/","url":"https:\/\/emsaquimica.com\/wp-content\/uploads\/2021\/11\/Logo-Emsa.svg","contentUrl":"https:\/\/emsaquimica.com\/wp-content\/uploads\/2021\/11\/Logo-Emsa.svg","width":200,"height":50,"caption":"Emsa"},"image":{"@id":"https:\/\/emsaquimica.com\/fr\/#\/schema\/logo\/image\/"}},{"@type":"Person","@id":"https:\/\/emsaquimica.com\/fr\/#\/schema\/person\/427369c3666537b67fa259fbe589383e","name":"Marina Gimenez","image":{"@type":"ImageObject","inLanguage":"fr-FR","@id":"https:\/\/secure.gravatar.com\/avatar\/7365793a639fec663494da5659c4827908ce37ec91282bd0a3e1d40c78193cd3?s=96&d=mm&r=g","url":"https:\/\/secure.gravatar.com\/avatar\/7365793a639fec663494da5659c4827908ce37ec91282bd0a3e1d40c78193cd3?s=96&d=mm&r=g","contentUrl":"https:\/\/secure.gravatar.com\/avatar\/7365793a639fec663494da5659c4827908ce37ec91282bd0a3e1d40c78193cd3?s=96&d=mm&r=g","caption":"Marina Gimenez"},"url":"https:\/\/emsaquimica.com\/fr\/author\/mgimenezemsaquimica-com\/"}]}},"_links":{"self":[{"href":"https:\/\/emsaquimica.com\/fr\/wp-json\/wp\/v2\/posts\/15292","targetHints":{"allow":["GET"]}}],"collection":[{"href":"https:\/\/emsaquimica.com\/fr\/wp-json\/wp\/v2\/posts"}],"about":[{"href":"https:\/\/emsaquimica.com\/fr\/wp-json\/wp\/v2\/types\/post"}],"author":[{"embeddable":true,"href":"https:\/\/emsaquimica.com\/fr\/wp-json\/wp\/v2\/users\/12"}],"replies":[{"embeddable":true,"href":"https:\/\/emsaquimica.com\/fr\/wp-json\/wp\/v2\/comments?post=15292"}],"version-history":[{"count":1,"href":"https:\/\/emsaquimica.com\/fr\/wp-json\/wp\/v2\/posts\/15292\/revisions"}],"predecessor-version":[{"id":15301,"href":"https:\/\/emsaquimica.com\/fr\/wp-json\/wp\/v2\/posts\/15292\/revisions\/15301"}],"wp:featuredmedia":[{"embeddable":true,"href":"https:\/\/emsaquimica.com\/fr\/wp-json\/wp\/v2\/media\/15331"}],"wp:attachment":[{"href":"https:\/\/emsaquimica.com\/fr\/wp-json\/wp\/v2\/media?parent=15292"}],"wp:term":[{"taxonomy":"category","embeddable":true,"href":"https:\/\/emsaquimica.com\/fr\/wp-json\/wp\/v2\/categories?post=15292"},{"taxonomy":"post_tag","embeddable":true,"href":"https:\/\/emsaquimica.com\/fr\/wp-json\/wp\/v2\/tags?post=15292"}],"curies":[{"name":"wp","href":"https:\/\/api.w.org\/{rel}","templated":true}]}}