{"id":15396,"date":"2026-02-19T10:58:39","date_gmt":"2026-02-19T09:58:39","guid":{"rendered":"https:\/\/emsaquimica.com\/?p=15396"},"modified":"2026-02-19T11:47:36","modified_gmt":"2026-02-19T10:47:36","slug":"prolicell-levolution-de-la-biotechnologie-vegetale-en-cosmetique","status":"publish","type":"post","link":"https:\/\/emsaquimica.com\/fr\/2026\/02\/19\/prolicell-levolution-de-la-biotechnologie-vegetale-en-cosmetique\/","title":{"rendered":"ProliCell\u00ae : l\u2019\u00e9volution de la biotechnologie v\u00e9g\u00e9tale en cosm\u00e9tique"},"content":{"rendered":"<p data-start=\"0\" data-end=\"201\">Dans la cosm\u00e9tique avanc\u00e9e, l\u2019origine v\u00e9g\u00e9tale des actifs ne suffit plus. La v\u00e9ritable innovation r\u00e9side dans la mani\u00e8re dont les cellules sont cultiv\u00e9es, activ\u00e9es et analys\u00e9es au niveau mol\u00e9culaire.<\/p>\n<p data-start=\"203\" data-end=\"518\">La biotechnologie v\u00e9g\u00e9tale a \u00e9volu\u00e9 vers un mod\u00e8le o\u00f9 le contr\u00f4le du proc\u00e9d\u00e9 et la caract\u00e9risation scientifique font la diff\u00e9rence. Aujourd\u2019hui, il ne s\u2019agit plus seulement d\u2019utiliser des cellules v\u00e9g\u00e9tales, mais de comprendre ce qu\u2019elles contiennent et comment elles influencent l\u2019activit\u00e9 cellulaire de la peau.<\/p>\n<p data-start=\"520\" data-end=\"860\" data-is-last-node=\"\" data-is-only-node=\"\">Notre repr\u00e9sent\u00e9e <a href=\"https:\/\/emsaquimica.com\/fr\/proveedores\/actv\/\">ACTV Biotechnology<\/a> a d\u00e9velopp\u00e9 <strong>ProliCell\u00ae<\/strong>, une technologie con\u00e7ue pour contr\u00f4ler et optimiser l\u2019activit\u00e9 cellulaire d\u00e8s son origine, en combinant <strong>culture cellulaire v\u00e9g\u00e9tale<\/strong> et <strong>activation cibl\u00e9e<\/strong> au sein d\u2019un syst\u00e8me reproductible et fond\u00e9 sur des donn\u00e9es, qui transforme la biotechnologie v\u00e9g\u00e9tale en efficacit\u00e9 mesurable.<\/p>\n<h4><span style=\"text-decoration: underline; color: #62b5e5;\">Comment se d\u00e9veloppe la technologie ProliCell\u00ae<\/span><\/h4>\n<p><strong>ProliCell\u00ae<\/strong> repose sur des cellules v\u00e9g\u00e9tales cultiv\u00e9es en laboratoire, dans des conditions strictement contr\u00f4l\u00e9es. Cela permet de garantir une <strong>qualit\u00e9 constante<\/strong>, ind\u00e9pendamment du climat, de la saisonnalit\u00e9 ou de la variabilit\u00e9 agricole.<\/p>\n<p>Au cours du processus, des compos\u00e9s appel\u00e9s <strong>\u00e9liciteurs<\/strong> sont appliqu\u00e9s afin de reproduire de mani\u00e8re contr\u00f4l\u00e9e les situations de stress que les plantes rencontrent dans leur environnement naturel.<\/p>\n<p>Cette stimulation active des m\u00e9canismes internes de la cellule et favorise la production de mol\u00e9cules bioactives, notamment les <strong>small RNAs<\/strong>, qui constituent le c\u0153ur diff\u00e9renciant de la technologie.<\/p>\n<h4 data-start=\"0\" data-end=\"61\"><span style=\"text-decoration: underline; color: #62b5e5;\">Small RNAs : le v\u00e9ritable diff\u00e9renciateur de ProliCell\u00ae<\/span><\/h4>\n<p data-start=\"63\" data-end=\"258\">Ce qui distingue r\u00e9ellement <a href=\"https:\/\/emsaquimica.com\/fr\/2024\/10\/08\/distribucion-prolicell-actv-biotechnology-cosmetica-sostenible\/\" target=\"_blank\" rel=\"noopener\"><strong>ProliCell\u00ae<\/strong><\/a> est l\u2019int\u00e9gration et la caract\u00e9risation des small RNAs, de petites mol\u00e9cules pr\u00e9sentes dans les v\u00e9sicules extracellulaires d\u00e9riv\u00e9es de cellules v\u00e9g\u00e9tales.<\/p>\n<p data-start=\"260\" data-end=\"511\">Les small RNAs sont des signaux biologiques qui coordonnent le comportement des cellules. Appliqu\u00e9s \u00e0 la cosm\u00e9tique, ils permettent d\u2019agir sur des processus cl\u00e9s tels que la r\u00e9g\u00e9n\u00e9ration, la protection antioxydante et l\u2019\u00e9quilibre naturel de la peau.<\/p>\n<p data-start=\"513\" data-end=\"807\"><strong>ProliCell\u00ae<\/strong> garantit une quantit\u00e9 minimale et mesurable de small RNAs (plus de 17 nanogrammes par gramme de produit), int\u00e9gr\u00e9s dans des exosomes qui agissent comme des syst\u00e8mes naturels de transport et de communication cellulaire, facilitant l\u2019acheminement efficace de ces signaux biologiques.<\/p>\n<p data-start=\"809\" data-end=\"1057\" data-is-last-node=\"\" data-is-only-node=\"\">Ces composants sont quantifi\u00e9s et valid\u00e9s gr\u00e2ce \u00e0 des techniques analytiques sp\u00e9cifiques permettant de les mesurer et de confirmer leur structure, apportant un niveau de caract\u00e9risation rarement observ\u00e9 dans les ingr\u00e9dients v\u00e9g\u00e9taux conventionnels.<\/p>\n<h4><span style=\"text-decoration: underline; color: #62b5e5;\"><span>Exosomes : comment agit ProliCell\u00ae<\/span><\/span><\/h4>\n<p>Les exosomes sont des nanov\u00e9sicules biologiques qui ne se contentent pas de prot\u00e9ger et transporter des mol\u00e9cules actives ; ils permettent \u00e9galement la communication cellulaire, optimisant ainsi la d\u00e9livrance et l\u2019efficacit\u00e9 des signaux biologiques.<\/p>\n<p>La technologie <strong>ProliCell\u00ae<\/strong> combine deux niveaux d\u2019action :<\/p>\n<ol>\n<li>Des actifs d\u00e9riv\u00e9s de cellules v\u00e9g\u00e9tales cultiv\u00e9es en laboratoire.<\/li>\n<li>Des exosomes contenant des small RNAs caract\u00e9ris\u00e9s et quantifi\u00e9s.<\/li>\n<\/ol>\n<p>Cette combinaison permet d\u2019unir le potentiel r\u00e9g\u00e9n\u00e9rant des cellules v\u00e9g\u00e9tales \u00e0 la capacit\u00e9 de modulation associ\u00e9e aux small RNAs.<\/p>\n<h4 data-start=\"0\" data-end=\"41\"><span style=\"text-decoration: underline; color: #62b5e5;\"><strong data-start=\"0\" data-end=\"39\">ProliCell\u00ae : un mod\u00e8le plus durable<\/strong><\/span><\/h4>\n<p data-start=\"43\" data-end=\"473\">Le mod\u00e8le de culture cellulaire v\u00e9g\u00e9tale r\u00e9duit significativement la consommation de ressources par rapport aux m\u00e9thodes traditionnelles d\u2019extraction des plantes. D\u00e9velopp\u00e9e dans des conditions contr\u00f4l\u00e9es, la production ne d\u00e9pend ni du climat ni de la saisonnalit\u00e9, n\u00e9cessite moins de surface agricole et optimise l\u2019utilisation de l\u2019eau et de l\u2019\u00e9nergie, r\u00e9duisant ainsi l\u2019empreinte carbone associ\u00e9e \u00e0 la culture conventionnelle.<\/p>\n<p data-start=\"475\" data-end=\"669\">Cette approche permet d\u2019int\u00e9grer dans vos formulations des ingr\u00e9dients plus durables, produits selon un mod\u00e8le standardis\u00e9, reproductible et \u00e0 plus faible impact sur les ressources naturelles.<\/p>\n<p data-start=\"671\" data-end=\"810\">La technologie <a href=\"https:\/\/emsaquimica.com\/fr\/proveedores\/actv\/\">ProliCell\u00ae<\/a> est actuellement appliqu\u00e9e \u00e0 12 actifs cosm\u00e9tiques d\u00e9velopp\u00e9s par <a href=\"https:\/\/actvbiotech.com\/\">ACTV Biotechnology<\/a>. D\u00e9couvrez ces actifs <a href=\"https:\/\/emsaquimica.com\/fr\/proveedores\/actv\/\">ici.<\/a><\/p>\n<p data-start=\"812\" data-end=\"1039\">Chez Emsa Tecnolog\u00eda Qu\u00edmica, nous collaborons avec <a href=\"https:\/\/emsaquimica.com\/fr\/proveedores\/actv\/\">ACTV<\/a> afin d\u2019apporter au march\u00e9 des technologies de biotechnologie v\u00e9g\u00e9tale fond\u00e9es sur le contr\u00f4le des proc\u00e9d\u00e9s, la caract\u00e9risation r\u00e9elle et la diff\u00e9renciation mol\u00e9culaire.<\/p>\n<p data-start=\"812\" data-end=\"1039\">\n<p data-start=\"1041\" data-end=\"1054\" data-is-last-node=\"\" data-is-only-node=\"\"><span style=\"color: #62b5e5;\"><strong>On en parle ?<\/strong><\/span><\/p>\n<div class=\"elementor-element elementor-element-3ba0aff elementor-widget elementor-widget-heading\" data-id=\"3ba0aff\" data-element_type=\"widget\" data-widget_type=\"heading.default\">\n<div class=\"elementor-widget-container\">\n<p class=\"elementor-heading-title elementor-size-default\"><img decoding=\"async\" class=\"wp-image-15179 size-full alignleft\" src=\"https:\/\/emsaquimica.com\/wp-content\/uploads\/2026\/01\/WEB_116x116px.png\" alt=\"Carles Puig - Emsa Tecnolog\u00eda Qu\u00edmica\" width=\"116\" height=\"116\" \/><strong>Carles Puig<\/strong><\/p>\n<\/div>\n<\/div>\n<div class=\"elementor-widget-container\">\n<p class=\"elementor-heading-title elementor-size-default\">PRODUCT MANAGER: COSM\u00c9TICA<\/p>\n<\/div>\n<div class=\"elementor-element elementor-element-69f4878 elementor-align-left elementor-icon-list--layout-traditional elementor-list-item-link-full_width elementor-widget elementor-widget-icon-list\" data-id=\"69f4878\" data-element_type=\"widget\" data-widget_type=\"icon-list.default\">\n<div class=\"elementor-widget-container\">\n<p><i class=\"fas fa-phone-alt\" aria-hidden=\"true\"><\/i><span class=\"elementor-icon-list-text\">\u00a0(+34) <span data-teams=\"true\">638 348 843<\/span><\/span><\/p>\n<p><i class=\"fas fa-envelope\" aria-hidden=\"true\"><\/i><a href=\"cpuig@emsaquimica.com\"><span class=\"elementor-icon-list-text\">cpuig@emsaquimica.com<\/span><\/a><\/p>\n<\/div>\n<\/div>\n","protected":false},"excerpt":{"rendered":"<p>ProliCell\u00ae int\u00e8gre la culture cellulaire v\u00e9g\u00e9tale, l\u2019activation cibl\u00e9e, les exosomes et des small RNAs quantifi\u00e9s pour offrir une biotechnologie v\u00e9g\u00e9tale mesurable, durable et appliqu\u00e9e \u00e0 12 actifs cosm\u00e9tiques d\u00e9velopp\u00e9s par ACTV Biotechnology\u00ae.<\/p>\n","protected":false},"author":12,"featured_media":15386,"comment_status":"open","ping_status":"open","sticky":false,"template":"","format":"standard","meta":{"_acf_changed":false,"footnotes":""},"categories":[102,87,88,90],"tags":[],"class_list":["post-15396","post","type-post","status-publish","format-standard","has-post-thumbnail","hentry","category-general-fr","category-performance-chemicals-fr","category-productos-fr","category-representadas-fr"],"acf":[],"yoast_head":"<!-- This site is optimized with the Yoast SEO plugin v27.5 - https:\/\/yoast.com\/product\/yoast-seo-wordpress\/ -->\n<title>ProliCell\u00ae : l\u2019\u00e9volution de la biotechnologie v\u00e9g\u00e9tale en cosm\u00e9tique - Emsa<\/title>\n<meta name=\"description\" content=\"D\u00e9couvrez ProliCell\u00ae, la technologie d\u2019ACTV bas\u00e9e sur la culture cellulaire v\u00e9g\u00e9tale, les exosomes et les small RNAs quantifi\u00e9s pour une cosm\u00e9tique durable.\" \/>\n<meta name=\"robots\" content=\"index, follow, max-snippet:-1, max-image-preview:large, max-video-preview:-1\" \/>\n<link rel=\"canonical\" href=\"https:\/\/emsaquimica.com\/fr\/2026\/02\/19\/prolicell-levolution-de-la-biotechnologie-vegetale-en-cosmetique\/\" \/>\n<meta property=\"og:locale\" content=\"fr_FR\" \/>\n<meta property=\"og:type\" content=\"article\" \/>\n<meta property=\"og:title\" content=\"ProliCell\u00ae : l\u2019\u00e9volution de la biotechnologie v\u00e9g\u00e9tale en cosm\u00e9tique - Emsa\" \/>\n<meta property=\"og:description\" content=\"D\u00e9couvrez ProliCell\u00ae, la technologie d\u2019ACTV bas\u00e9e sur la culture cellulaire v\u00e9g\u00e9tale, les exosomes et les small RNAs quantifi\u00e9s pour une cosm\u00e9tique durable.\" \/>\n<meta property=\"og:url\" content=\"https:\/\/emsaquimica.com\/fr\/2026\/02\/19\/prolicell-levolution-de-la-biotechnologie-vegetale-en-cosmetique\/\" \/>\n<meta property=\"og:site_name\" content=\"Emsa\" \/>\n<meta property=\"article:published_time\" content=\"2026-02-19T09:58:39+00:00\" \/>\n<meta property=\"article:modified_time\" content=\"2026-02-19T10:47:36+00:00\" \/>\n<meta property=\"og:image\" content=\"https:\/\/emsaquimica.com\/wp-content\/uploads\/2026\/02\/BLOG-portada.png\" \/>\n\t<meta property=\"og:image:width\" content=\"1600\" \/>\n\t<meta property=\"og:image:height\" content=\"1100\" \/>\n\t<meta property=\"og:image:type\" content=\"image\/png\" \/>\n<meta name=\"author\" content=\"Marina Gimenez\" \/>\n<meta name=\"twitter:card\" content=\"summary_large_image\" \/>\n<meta name=\"twitter:label1\" content=\"\u00c9crit par\" \/>\n\t<meta name=\"twitter:data1\" content=\"Marina Gimenez\" \/>\n\t<meta name=\"twitter:label2\" content=\"Dur\u00e9e de lecture estim\u00e9e\" \/>\n\t<meta name=\"twitter:data2\" content=\"4 minutes\" \/>\n<script type=\"application\/ld+json\" class=\"yoast-schema-graph\">{\"@context\":\"https:\\\/\\\/schema.org\",\"@graph\":[{\"@type\":\"Article\",\"@id\":\"https:\\\/\\\/emsaquimica.com\\\/fr\\\/2026\\\/02\\\/19\\\/prolicell-levolution-de-la-biotechnologie-vegetale-en-cosmetique\\\/#article\",\"isPartOf\":{\"@id\":\"https:\\\/\\\/emsaquimica.com\\\/fr\\\/2026\\\/02\\\/19\\\/prolicell-levolution-de-la-biotechnologie-vegetale-en-cosmetique\\\/\"},\"author\":{\"name\":\"Marina Gimenez\",\"@id\":\"https:\\\/\\\/emsaquimica.com\\\/fr\\\/#\\\/schema\\\/person\\\/427369c3666537b67fa259fbe589383e\"},\"headline\":\"ProliCell\u00ae : l\u2019\u00e9volution de la biotechnologie v\u00e9g\u00e9tale en cosm\u00e9tique\",\"datePublished\":\"2026-02-19T09:58:39+00:00\",\"dateModified\":\"2026-02-19T10:47:36+00:00\",\"mainEntityOfPage\":{\"@id\":\"https:\\\/\\\/emsaquimica.com\\\/fr\\\/2026\\\/02\\\/19\\\/prolicell-levolution-de-la-biotechnologie-vegetale-en-cosmetique\\\/\"},\"wordCount\":743,\"commentCount\":0,\"publisher\":{\"@id\":\"https:\\\/\\\/emsaquimica.com\\\/fr\\\/#organization\"},\"image\":{\"@id\":\"https:\\\/\\\/emsaquimica.com\\\/fr\\\/2026\\\/02\\\/19\\\/prolicell-levolution-de-la-biotechnologie-vegetale-en-cosmetique\\\/#primaryimage\"},\"thumbnailUrl\":\"https:\\\/\\\/emsaquimica.com\\\/wp-content\\\/uploads\\\/2026\\\/02\\\/BLOG-portada.png\",\"articleSection\":[\"GENERAL\",\"PERFORMANCE CHEMICALS\",\"PRODUCTOS\",\"REPRESENTADAS\"],\"inLanguage\":\"fr-FR\",\"potentialAction\":[{\"@type\":\"CommentAction\",\"name\":\"Comment\",\"target\":[\"https:\\\/\\\/emsaquimica.com\\\/fr\\\/2026\\\/02\\\/19\\\/prolicell-levolution-de-la-biotechnologie-vegetale-en-cosmetique\\\/#respond\"]}]},{\"@type\":\"WebPage\",\"@id\":\"https:\\\/\\\/emsaquimica.com\\\/fr\\\/2026\\\/02\\\/19\\\/prolicell-levolution-de-la-biotechnologie-vegetale-en-cosmetique\\\/\",\"url\":\"https:\\\/\\\/emsaquimica.com\\\/fr\\\/2026\\\/02\\\/19\\\/prolicell-levolution-de-la-biotechnologie-vegetale-en-cosmetique\\\/\",\"name\":\"ProliCell\u00ae : l\u2019\u00e9volution de la biotechnologie v\u00e9g\u00e9tale en cosm\u00e9tique - Emsa\",\"isPartOf\":{\"@id\":\"https:\\\/\\\/emsaquimica.com\\\/fr\\\/#website\"},\"primaryImageOfPage\":{\"@id\":\"https:\\\/\\\/emsaquimica.com\\\/fr\\\/2026\\\/02\\\/19\\\/prolicell-levolution-de-la-biotechnologie-vegetale-en-cosmetique\\\/#primaryimage\"},\"image\":{\"@id\":\"https:\\\/\\\/emsaquimica.com\\\/fr\\\/2026\\\/02\\\/19\\\/prolicell-levolution-de-la-biotechnologie-vegetale-en-cosmetique\\\/#primaryimage\"},\"thumbnailUrl\":\"https:\\\/\\\/emsaquimica.com\\\/wp-content\\\/uploads\\\/2026\\\/02\\\/BLOG-portada.png\",\"datePublished\":\"2026-02-19T09:58:39+00:00\",\"dateModified\":\"2026-02-19T10:47:36+00:00\",\"description\":\"D\u00e9couvrez ProliCell\u00ae, la technologie d\u2019ACTV bas\u00e9e sur la culture cellulaire v\u00e9g\u00e9tale, les exosomes et les small RNAs quantifi\u00e9s pour une cosm\u00e9tique durable.\",\"breadcrumb\":{\"@id\":\"https:\\\/\\\/emsaquimica.com\\\/fr\\\/2026\\\/02\\\/19\\\/prolicell-levolution-de-la-biotechnologie-vegetale-en-cosmetique\\\/#breadcrumb\"},\"inLanguage\":\"fr-FR\",\"potentialAction\":[{\"@type\":\"ReadAction\",\"target\":[\"https:\\\/\\\/emsaquimica.com\\\/fr\\\/2026\\\/02\\\/19\\\/prolicell-levolution-de-la-biotechnologie-vegetale-en-cosmetique\\\/\"]}]},{\"@type\":\"ImageObject\",\"inLanguage\":\"fr-FR\",\"@id\":\"https:\\\/\\\/emsaquimica.com\\\/fr\\\/2026\\\/02\\\/19\\\/prolicell-levolution-de-la-biotechnologie-vegetale-en-cosmetique\\\/#primaryimage\",\"url\":\"https:\\\/\\\/emsaquimica.com\\\/wp-content\\\/uploads\\\/2026\\\/02\\\/BLOG-portada.png\",\"contentUrl\":\"https:\\\/\\\/emsaquimica.com\\\/wp-content\\\/uploads\\\/2026\\\/02\\\/BLOG-portada.png\",\"width\":1600,\"height\":1100,\"caption\":\"ProliCell\u00ae: la evoluci\u00f3n de la biotecnolog\u00eda vegetal en cosm\u00e9tica\"},{\"@type\":\"BreadcrumbList\",\"@id\":\"https:\\\/\\\/emsaquimica.com\\\/fr\\\/2026\\\/02\\\/19\\\/prolicell-levolution-de-la-biotechnologie-vegetale-en-cosmetique\\\/#breadcrumb\",\"itemListElement\":[{\"@type\":\"ListItem\",\"position\":1,\"name\":\"Portada\",\"item\":\"https:\\\/\\\/emsaquimica.com\\\/fr\\\/\"},{\"@type\":\"ListItem\",\"position\":2,\"name\":\"ProliCell\u00ae : l\u2019\u00e9volution de la biotechnologie v\u00e9g\u00e9tale en cosm\u00e9tique\"}]},{\"@type\":\"WebSite\",\"@id\":\"https:\\\/\\\/emsaquimica.com\\\/fr\\\/#website\",\"url\":\"https:\\\/\\\/emsaquimica.com\\\/fr\\\/\",\"name\":\"Emsa\",\"description\":\"Committed Chemistry\",\"publisher\":{\"@id\":\"https:\\\/\\\/emsaquimica.com\\\/fr\\\/#organization\"},\"potentialAction\":[{\"@type\":\"SearchAction\",\"target\":{\"@type\":\"EntryPoint\",\"urlTemplate\":\"https:\\\/\\\/emsaquimica.com\\\/fr\\\/?s={search_term_string}\"},\"query-input\":{\"@type\":\"PropertyValueSpecification\",\"valueRequired\":true,\"valueName\":\"search_term_string\"}}],\"inLanguage\":\"fr-FR\"},{\"@type\":\"Organization\",\"@id\":\"https:\\\/\\\/emsaquimica.com\\\/fr\\\/#organization\",\"name\":\"Emsa\",\"url\":\"https:\\\/\\\/emsaquimica.com\\\/fr\\\/\",\"logo\":{\"@type\":\"ImageObject\",\"inLanguage\":\"fr-FR\",\"@id\":\"https:\\\/\\\/emsaquimica.com\\\/fr\\\/#\\\/schema\\\/logo\\\/image\\\/\",\"url\":\"https:\\\/\\\/emsaquimica.com\\\/wp-content\\\/uploads\\\/2021\\\/11\\\/Logo-Emsa.svg\",\"contentUrl\":\"https:\\\/\\\/emsaquimica.com\\\/wp-content\\\/uploads\\\/2021\\\/11\\\/Logo-Emsa.svg\",\"width\":200,\"height\":50,\"caption\":\"Emsa\"},\"image\":{\"@id\":\"https:\\\/\\\/emsaquimica.com\\\/fr\\\/#\\\/schema\\\/logo\\\/image\\\/\"}},{\"@type\":\"Person\",\"@id\":\"https:\\\/\\\/emsaquimica.com\\\/fr\\\/#\\\/schema\\\/person\\\/427369c3666537b67fa259fbe589383e\",\"name\":\"Marina Gimenez\",\"image\":{\"@type\":\"ImageObject\",\"inLanguage\":\"fr-FR\",\"@id\":\"https:\\\/\\\/secure.gravatar.com\\\/avatar\\\/7365793a639fec663494da5659c4827908ce37ec91282bd0a3e1d40c78193cd3?s=96&d=mm&r=g\",\"url\":\"https:\\\/\\\/secure.gravatar.com\\\/avatar\\\/7365793a639fec663494da5659c4827908ce37ec91282bd0a3e1d40c78193cd3?s=96&d=mm&r=g\",\"contentUrl\":\"https:\\\/\\\/secure.gravatar.com\\\/avatar\\\/7365793a639fec663494da5659c4827908ce37ec91282bd0a3e1d40c78193cd3?s=96&d=mm&r=g\",\"caption\":\"Marina Gimenez\"},\"url\":\"https:\\\/\\\/emsaquimica.com\\\/fr\\\/author\\\/mgimenezemsaquimica-com\\\/\"}]}<\/script>\n<!-- \/ Yoast SEO plugin. -->","yoast_head_json":{"title":"ProliCell\u00ae : l\u2019\u00e9volution de la biotechnologie v\u00e9g\u00e9tale en cosm\u00e9tique - Emsa","description":"D\u00e9couvrez ProliCell\u00ae, la technologie d\u2019ACTV bas\u00e9e sur la culture cellulaire v\u00e9g\u00e9tale, les exosomes et les small RNAs quantifi\u00e9s pour une cosm\u00e9tique durable.","robots":{"index":"index","follow":"follow","max-snippet":"max-snippet:-1","max-image-preview":"max-image-preview:large","max-video-preview":"max-video-preview:-1"},"canonical":"https:\/\/emsaquimica.com\/fr\/2026\/02\/19\/prolicell-levolution-de-la-biotechnologie-vegetale-en-cosmetique\/","og_locale":"fr_FR","og_type":"article","og_title":"ProliCell\u00ae : l\u2019\u00e9volution de la biotechnologie v\u00e9g\u00e9tale en cosm\u00e9tique - Emsa","og_description":"D\u00e9couvrez ProliCell\u00ae, la technologie d\u2019ACTV bas\u00e9e sur la culture cellulaire v\u00e9g\u00e9tale, les exosomes et les small RNAs quantifi\u00e9s pour une cosm\u00e9tique durable.","og_url":"https:\/\/emsaquimica.com\/fr\/2026\/02\/19\/prolicell-levolution-de-la-biotechnologie-vegetale-en-cosmetique\/","og_site_name":"Emsa","article_published_time":"2026-02-19T09:58:39+00:00","article_modified_time":"2026-02-19T10:47:36+00:00","og_image":[{"width":1600,"height":1100,"url":"https:\/\/emsaquimica.com\/wp-content\/uploads\/2026\/02\/BLOG-portada.png","type":"image\/png"}],"author":"Marina Gimenez","twitter_card":"summary_large_image","twitter_misc":{"\u00c9crit par":"Marina Gimenez","Dur\u00e9e de lecture estim\u00e9e":"4 minutes"},"schema":{"@context":"https:\/\/schema.org","@graph":[{"@type":"Article","@id":"https:\/\/emsaquimica.com\/fr\/2026\/02\/19\/prolicell-levolution-de-la-biotechnologie-vegetale-en-cosmetique\/#article","isPartOf":{"@id":"https:\/\/emsaquimica.com\/fr\/2026\/02\/19\/prolicell-levolution-de-la-biotechnologie-vegetale-en-cosmetique\/"},"author":{"name":"Marina Gimenez","@id":"https:\/\/emsaquimica.com\/fr\/#\/schema\/person\/427369c3666537b67fa259fbe589383e"},"headline":"ProliCell\u00ae : l\u2019\u00e9volution de la biotechnologie v\u00e9g\u00e9tale en cosm\u00e9tique","datePublished":"2026-02-19T09:58:39+00:00","dateModified":"2026-02-19T10:47:36+00:00","mainEntityOfPage":{"@id":"https:\/\/emsaquimica.com\/fr\/2026\/02\/19\/prolicell-levolution-de-la-biotechnologie-vegetale-en-cosmetique\/"},"wordCount":743,"commentCount":0,"publisher":{"@id":"https:\/\/emsaquimica.com\/fr\/#organization"},"image":{"@id":"https:\/\/emsaquimica.com\/fr\/2026\/02\/19\/prolicell-levolution-de-la-biotechnologie-vegetale-en-cosmetique\/#primaryimage"},"thumbnailUrl":"https:\/\/emsaquimica.com\/wp-content\/uploads\/2026\/02\/BLOG-portada.png","articleSection":["GENERAL","PERFORMANCE CHEMICALS","PRODUCTOS","REPRESENTADAS"],"inLanguage":"fr-FR","potentialAction":[{"@type":"CommentAction","name":"Comment","target":["https:\/\/emsaquimica.com\/fr\/2026\/02\/19\/prolicell-levolution-de-la-biotechnologie-vegetale-en-cosmetique\/#respond"]}]},{"@type":"WebPage","@id":"https:\/\/emsaquimica.com\/fr\/2026\/02\/19\/prolicell-levolution-de-la-biotechnologie-vegetale-en-cosmetique\/","url":"https:\/\/emsaquimica.com\/fr\/2026\/02\/19\/prolicell-levolution-de-la-biotechnologie-vegetale-en-cosmetique\/","name":"ProliCell\u00ae : l\u2019\u00e9volution de la biotechnologie v\u00e9g\u00e9tale en cosm\u00e9tique - Emsa","isPartOf":{"@id":"https:\/\/emsaquimica.com\/fr\/#website"},"primaryImageOfPage":{"@id":"https:\/\/emsaquimica.com\/fr\/2026\/02\/19\/prolicell-levolution-de-la-biotechnologie-vegetale-en-cosmetique\/#primaryimage"},"image":{"@id":"https:\/\/emsaquimica.com\/fr\/2026\/02\/19\/prolicell-levolution-de-la-biotechnologie-vegetale-en-cosmetique\/#primaryimage"},"thumbnailUrl":"https:\/\/emsaquimica.com\/wp-content\/uploads\/2026\/02\/BLOG-portada.png","datePublished":"2026-02-19T09:58:39+00:00","dateModified":"2026-02-19T10:47:36+00:00","description":"D\u00e9couvrez ProliCell\u00ae, la technologie d\u2019ACTV bas\u00e9e sur la culture cellulaire v\u00e9g\u00e9tale, les exosomes et les small RNAs quantifi\u00e9s pour une cosm\u00e9tique durable.","breadcrumb":{"@id":"https:\/\/emsaquimica.com\/fr\/2026\/02\/19\/prolicell-levolution-de-la-biotechnologie-vegetale-en-cosmetique\/#breadcrumb"},"inLanguage":"fr-FR","potentialAction":[{"@type":"ReadAction","target":["https:\/\/emsaquimica.com\/fr\/2026\/02\/19\/prolicell-levolution-de-la-biotechnologie-vegetale-en-cosmetique\/"]}]},{"@type":"ImageObject","inLanguage":"fr-FR","@id":"https:\/\/emsaquimica.com\/fr\/2026\/02\/19\/prolicell-levolution-de-la-biotechnologie-vegetale-en-cosmetique\/#primaryimage","url":"https:\/\/emsaquimica.com\/wp-content\/uploads\/2026\/02\/BLOG-portada.png","contentUrl":"https:\/\/emsaquimica.com\/wp-content\/uploads\/2026\/02\/BLOG-portada.png","width":1600,"height":1100,"caption":"ProliCell\u00ae: la evoluci\u00f3n de la biotecnolog\u00eda vegetal en cosm\u00e9tica"},{"@type":"BreadcrumbList","@id":"https:\/\/emsaquimica.com\/fr\/2026\/02\/19\/prolicell-levolution-de-la-biotechnologie-vegetale-en-cosmetique\/#breadcrumb","itemListElement":[{"@type":"ListItem","position":1,"name":"Portada","item":"https:\/\/emsaquimica.com\/fr\/"},{"@type":"ListItem","position":2,"name":"ProliCell\u00ae : l\u2019\u00e9volution de la biotechnologie v\u00e9g\u00e9tale en cosm\u00e9tique"}]},{"@type":"WebSite","@id":"https:\/\/emsaquimica.com\/fr\/#website","url":"https:\/\/emsaquimica.com\/fr\/","name":"Emsa","description":"Committed Chemistry","publisher":{"@id":"https:\/\/emsaquimica.com\/fr\/#organization"},"potentialAction":[{"@type":"SearchAction","target":{"@type":"EntryPoint","urlTemplate":"https:\/\/emsaquimica.com\/fr\/?s={search_term_string}"},"query-input":{"@type":"PropertyValueSpecification","valueRequired":true,"valueName":"search_term_string"}}],"inLanguage":"fr-FR"},{"@type":"Organization","@id":"https:\/\/emsaquimica.com\/fr\/#organization","name":"Emsa","url":"https:\/\/emsaquimica.com\/fr\/","logo":{"@type":"ImageObject","inLanguage":"fr-FR","@id":"https:\/\/emsaquimica.com\/fr\/#\/schema\/logo\/image\/","url":"https:\/\/emsaquimica.com\/wp-content\/uploads\/2021\/11\/Logo-Emsa.svg","contentUrl":"https:\/\/emsaquimica.com\/wp-content\/uploads\/2021\/11\/Logo-Emsa.svg","width":200,"height":50,"caption":"Emsa"},"image":{"@id":"https:\/\/emsaquimica.com\/fr\/#\/schema\/logo\/image\/"}},{"@type":"Person","@id":"https:\/\/emsaquimica.com\/fr\/#\/schema\/person\/427369c3666537b67fa259fbe589383e","name":"Marina Gimenez","image":{"@type":"ImageObject","inLanguage":"fr-FR","@id":"https:\/\/secure.gravatar.com\/avatar\/7365793a639fec663494da5659c4827908ce37ec91282bd0a3e1d40c78193cd3?s=96&d=mm&r=g","url":"https:\/\/secure.gravatar.com\/avatar\/7365793a639fec663494da5659c4827908ce37ec91282bd0a3e1d40c78193cd3?s=96&d=mm&r=g","contentUrl":"https:\/\/secure.gravatar.com\/avatar\/7365793a639fec663494da5659c4827908ce37ec91282bd0a3e1d40c78193cd3?s=96&d=mm&r=g","caption":"Marina Gimenez"},"url":"https:\/\/emsaquimica.com\/fr\/author\/mgimenezemsaquimica-com\/"}]}},"_links":{"self":[{"href":"https:\/\/emsaquimica.com\/fr\/wp-json\/wp\/v2\/posts\/15396","targetHints":{"allow":["GET"]}}],"collection":[{"href":"https:\/\/emsaquimica.com\/fr\/wp-json\/wp\/v2\/posts"}],"about":[{"href":"https:\/\/emsaquimica.com\/fr\/wp-json\/wp\/v2\/types\/post"}],"author":[{"embeddable":true,"href":"https:\/\/emsaquimica.com\/fr\/wp-json\/wp\/v2\/users\/12"}],"replies":[{"embeddable":true,"href":"https:\/\/emsaquimica.com\/fr\/wp-json\/wp\/v2\/comments?post=15396"}],"version-history":[{"count":1,"href":"https:\/\/emsaquimica.com\/fr\/wp-json\/wp\/v2\/posts\/15396\/revisions"}],"predecessor-version":[{"id":15397,"href":"https:\/\/emsaquimica.com\/fr\/wp-json\/wp\/v2\/posts\/15396\/revisions\/15397"}],"wp:featuredmedia":[{"embeddable":true,"href":"https:\/\/emsaquimica.com\/fr\/wp-json\/wp\/v2\/media\/15386"}],"wp:attachment":[{"href":"https:\/\/emsaquimica.com\/fr\/wp-json\/wp\/v2\/media?parent=15396"}],"wp:term":[{"taxonomy":"category","embeddable":true,"href":"https:\/\/emsaquimica.com\/fr\/wp-json\/wp\/v2\/categories?post=15396"},{"taxonomy":"post_tag","embeddable":true,"href":"https:\/\/emsaquimica.com\/fr\/wp-json\/wp\/v2\/tags?post=15396"}],"curies":[{"name":"wp","href":"https:\/\/api.w.org\/{rel}","templated":true}]}}