{"id":15921,"date":"2026-09-01T15:45:52","date_gmt":"2026-09-01T13:45:52","guid":{"rendered":"https:\/\/emsaquimica.com\/?p=15921"},"modified":"2026-09-01T16:21:43","modified_gmt":"2026-09-01T14:21:43","slug":"prolicell-baicare-follicule-pileux","status":"publish","type":"post","link":"https:\/\/emsaquimica.com\/fr\/2026\/09\/01\/prolicell-baicare-follicule-pileux\/","title":{"rendered":"ProliCell\u00ae BaiCare : quand le follicule pileux revient au centre de l\u2019attention"},"content":{"rendered":"<p class=\"PDq2pG_selectionAnchorContainer\" data-start=\"110\" data-end=\"269\">Dans les soins capillaires, de nombreuses solutions se concentrent sur le r\u00e9sultat visible : le cheveu. Plus de brillance, plus de densit\u00e9, plus de croissance.<\/p>\n<p data-start=\"271\" data-end=\"419\">Mais une question plus importante se pose : <strong data-start=\"315\" data-end=\"419\">que se passe-t-il dans le follicule pileux pour que cette croissance ait lieu\u2026 ou qu\u2019elle s\u2019arr\u00eate ?<\/strong><\/p>\n<p data-start=\"421\" data-end=\"684\">Nous savons aujourd\u2019hui que lorsque le follicule perd en activit\u00e9, le cheveu cesse de r\u00e9pondre. Cela implique un changement d\u2019approche : ne plus se concentrer uniquement sur la fibre capillaire, mais agir \u00e0 l\u2019origine du processus, au niveau du follicule lui-m\u00eame.<\/p>\n<p data-start=\"686\" data-end=\"868\">Dans ce contexte, <a href=\"https:\/\/emsaquimica.com\/fr\/productos\/prolicell-baicare-actif-capillaire\/\"><strong data-start=\"704\" data-end=\"726\">ProliCell\u00ae BaiCare<\/strong><\/a>, d\u00e9velopp\u00e9 par <a href=\"https:\/\/emsaquimica.com\/fr\/proveedores\/actv\/\"><strong data-start=\"742\" data-end=\"764\">ACTV Biotechnology<\/strong><\/a>, repr\u00e9sente une nouvelle g\u00e9n\u00e9ration d\u2019actifs ax\u00e9s sur le soin et la fonctionnalit\u00e9 du follicule pileux.<\/p>\n<p class=\"\" data-start=\"870\" data-end=\"1123\">Contrairement \u00e0 des actifs comme ProliCell\u00ae Malva \u2014 davantage ax\u00e9 sur la r\u00e9duction de la chute des cheveux \u2014 BaiCare agit directement sur l\u2019\u00e9tat et la fonctionnalit\u00e9 du follicule. D\u00e9couvrez-en plus sur Malva <strong data-start=\"1078\" data-end=\"1122\"><a href=\"https:\/\/emsaquimica.com\/fr\/productos\/prolicell-malva\/\">ici<\/a>.<\/strong><\/p>\n<h3 class=\"PDq2pG_selectionAnchorContainer\" data-section-id=\"u7ltm5\" data-start=\"1125\" data-end=\"1168\"><span style=\"color: #62b5e5;\" role=\"text\"><strong data-start=\"1129\" data-end=\"1168\">Qu\u2019est-ce qui diff\u00e9rencie BaiCare?<\/strong><\/span><\/h3>\n<p data-start=\"1170\" data-end=\"1306\"><a href=\"https:\/\/emsaquimica.com\/fr\/productos\/prolicell-baicare-actif-capillaire\/\">ProliCell\u00ae BaiCare<\/a> repose sur la technologie ProliCell\u00ae, qui associe des cellules souches v\u00e9g\u00e9tales \u00e0 des exosomes riches en small RNAs.<\/p>\n<p data-start=\"1308\" data-end=\"1458\">Les small RNAs sont des fragments qui contribuent \u00e0 r\u00e9guler l\u2019expression g\u00e9nique, c\u2019est-\u00e0-dire qu\u2019ils peuvent influencer le comportement des cellules.<\/p>\n<p data-start=\"1460\" data-end=\"1684\">Dans ce cas, <a href=\"https:\/\/emsaquimica.com\/fr\/proveedores\/actv\/\">ACTV<\/a> va plus loin : les small RNAs ne sont pas seulement incorpor\u00e9s, ils sont \u00e9galement analys\u00e9s et quantifi\u00e9s afin d\u2019identifier ceux qui pr\u00e9sentent la plus grande pertinence pour l\u2019activit\u00e9 du follicule pileux.<\/p>\n<p data-start=\"1686\" data-end=\"1843\">Cette approche permet de travailler avec un actif plus pr\u00e9cis et cibl\u00e9, con\u00e7u pour moduler les processus biologiques impliqu\u00e9s dans la croissance capillaire.<\/p>\n<p><img fetchpriority=\"high\" decoding=\"async\" class=\" wp-image-15906\" src=\"https:\/\/emsaquimica.com\/wp-content\/uploads\/2026\/09\/Captura-de-pantalla-2026-09-01-123357-300x154.png\" alt=\"ProliCell\u00ae BaiCare: cuando el foco vuelve al fol\u00edculo piloso\" width=\"487\" height=\"250\" srcset=\"https:\/\/emsaquimica.com\/wp-content\/uploads\/2026\/09\/Captura-de-pantalla-2026-09-01-123357-300x154.png 300w, https:\/\/emsaquimica.com\/wp-content\/uploads\/2026\/09\/Captura-de-pantalla-2026-09-01-123357.png 700w\" sizes=\"(max-width: 487px) 100vw, 487px\" \/><\/p>\n<h3 class=\"PDq2pG_selectionAnchorContainer\" data-section-id=\"1gjo9av\" data-start=\"1858\" data-end=\"1936\"><span style=\"color: #62b5e5;\" role=\"text\"><strong data-start=\"1862\" data-end=\"1936\">Que se passe-t-il dans le follicule lors de l\u2019application de BaiCare ?<\/strong><\/span><\/h3>\n<p data-start=\"1938\" data-end=\"2072\">L\u2019efficacit\u00e9 de <a href=\"https:\/\/emsaquimica.com\/fr\/productos\/prolicell-baicare-actif-capillaire\/\">ProliCell\u00ae BaiCare<\/a> repose sur sa capacit\u00e9 \u00e0 agir sur les principaux m\u00e9canismes qui d\u00e9terminent la sant\u00e9 du follicule :<\/p>\n<p data-start=\"2074\" data-end=\"2119\"><strong data-start=\"2074\" data-end=\"2119\">1. Activation de la croissance capillaire<\/strong><\/p>\n<p data-start=\"2121\" data-end=\"2246\">R\u00e9active des voies cl\u00e9s telles que Wnt\/\u03b2-cat\u00e9nine et Sonic Hedgehog, associ\u00e9es au d\u00e9clenchement de la croissance des cheveux.<\/p>\n<p data-start=\"2248\" data-end=\"2298\"><strong data-start=\"2248\" data-end=\"2298\">2. R\u00e9gulation de l\u2019environnement inflammatoire<\/strong><\/p>\n<p data-start=\"2300\" data-end=\"2408\">R\u00e9duit les signaux associ\u00e9s au stress et \u00e0 l\u2019inflammation susceptibles de perturber l\u2019activit\u00e9 du follicule.<\/p>\n<p data-start=\"2410\" data-end=\"2452\"><strong data-start=\"2410\" data-end=\"2452\">3. Am\u00e9lioration de la microcirculation<\/strong><\/p>\n<p data-start=\"2454\" data-end=\"2557\">Favorise l\u2019apport en oxyg\u00e8ne et en nutriments en stimulant les processus associ\u00e9s \u00e0 la vascularisation.<\/p>\n<p data-start=\"2559\" data-end=\"2597\"><strong data-start=\"2559\" data-end=\"2597\">4. Soutien structurel du follicule<\/strong><\/p>\n<p data-start=\"2599\" data-end=\"2735\">Am\u00e9liore la viabilit\u00e9 des cellules impliqu\u00e9es dans la croissance capillaire, contribuant ainsi \u00e0 un follicule plus actif et fonctionnel.<\/p>\n<h3 data-section-id=\"1kb3spi\" data-start=\"2737\" data-end=\"2787\"><span style=\"color: #62b5e5;\" role=\"text\"><strong data-start=\"2741\" data-end=\"2787\">R\u00e9sultats visibles avec ProliCell\u00ae BaiCare<\/strong><\/span><\/h3>\n<p data-start=\"2789\" data-end=\"2931\">L\u2019efficacit\u00e9 de cette approche a \u00e9t\u00e9 \u00e9valu\u00e9e au cours d\u2019\u00e9tudes men\u00e9es pendant 90 jours aupr\u00e8s de volontaires pr\u00e9sentant une chute de cheveux :<\/p>\n<ul data-start=\"2933\" data-end=\"3213\">\n<li data-section-id=\"1ww3d2y\" data-start=\"2933\" data-end=\"2980\">R\u00e9duction de la chute des cheveux de <strong data-start=\"2972\" data-end=\"2980\">75 %<\/strong><\/li>\n<li data-section-id=\"yw7zqe\" data-start=\"2981\" data-end=\"3031\">Augmentation de la densit\u00e9 capillaire de <strong data-start=\"3024\" data-end=\"3031\">6 %<\/strong><\/li>\n<li data-section-id=\"1gba9vg\" data-start=\"3032\" data-end=\"3158\">Am\u00e9lioration de l\u2019\u00e9quilibre du cycle capillaire, avec davantage de cheveux en phase de croissance et moins en phase de chute<\/li>\n<li data-section-id=\"u350sj\" data-start=\"3159\" data-end=\"3213\">Des cheveux plus forts et un meilleur aspect g\u00e9n\u00e9ral<\/li>\n<\/ul>\n<h3 data-section-id=\"10djim3\" data-start=\"3215\" data-end=\"3269\"><span style=\"color: #62b5e5;\" role=\"text\"><strong data-start=\"3219\" data-end=\"3269\">Applications dans les formulations capillaires<\/strong><\/span><\/h3>\n<p data-start=\"3271\" data-end=\"3388\">Gr\u00e2ce \u00e0 son profil d\u2019activit\u00e9, <a href=\"https:\/\/emsaquimica.com\/fr\/productos\/prolicell-baicare-actif-capillaire\/\">ProliCell\u00ae BaiCare<\/a> peut \u00eatre incorpor\u00e9 dans diff\u00e9rents types de produits capillaires :<\/p>\n<ul data-start=\"3390\" data-end=\"3501\">\n<li data-section-id=\"htnbks\" data-start=\"3390\" data-end=\"3410\">S\u00e9rums capillaires<\/li>\n<li data-section-id=\"1vjpvw2\" data-start=\"3411\" data-end=\"3450\">Lotions toniques pour le cuir chevelu<\/li>\n<li data-section-id=\"1tus2j0\" data-start=\"3451\" data-end=\"3475\">Shampooings anti-chute<\/li>\n<li data-section-id=\"oi1ffb\" data-start=\"3476\" data-end=\"3501\">Traitements fortifiants<\/li>\n<\/ul>\n<p data-start=\"3503\" data-end=\"3594\">L\u2019actif est g\u00e9n\u00e9ralement utilis\u00e9 dans les formulations \u00e0 des concentrations de <strong data-start=\"3582\" data-end=\"3593\">2 \u00e0 5 %<\/strong>.<\/p>\n<h3 data-section-id=\"1ly4mkm\" data-start=\"3596\" data-end=\"3644\"><span style=\"color: #62b5e5;\" role=\"text\"><strong data-start=\"3600\" data-end=\"3644\">Une nouvelle approche du soin capillaire<\/strong><\/span><\/h3>\n<p data-start=\"3646\" data-end=\"3857\"><a href=\"https:\/\/emsaquimica.com\/fr\/productos\/prolicell-baicare-actif-capillaire\/\">ProliCell\u00ae BaiCare<\/a> refl\u00e8te une \u00e9volution dans le d\u00e9veloppement des actifs capillaires : passer de la simple stimulation de la croissance \u00e0 la cr\u00e9ation de conditions favorables au bon fonctionnement du follicule.<\/p>\n<p data-start=\"3859\" data-end=\"3994\">Une approche plus compl\u00e8te, centr\u00e9e sur l\u2019origine du processus et en accord avec les connaissances actuelles sur la biologie du cheveu.<\/p>\n<p data-start=\"3996\" data-end=\"4149\">D\u00e9couvrez-en plus sur <a href=\"https:\/\/emsaquimica.com\/fr\/productos\/prolicell-baicare-actif-capillaire\/\"><strong data-start=\"4018\" data-end=\"4040\">ProliCell\u00ae BaiCare<\/strong><\/a> et ses applications en formulation en consultant notre page produit ou en contactant notre \u00e9quipe technique.<\/p>\n<h5><span style=\"color: #62b5e5;\"><strong>Discutons-en !<\/strong><\/span><\/h5>\n<div class=\"elementor-element elementor-element-3ba0aff elementor-widget elementor-widget-heading\" data-id=\"3ba0aff\" data-element_type=\"widget\" data-widget_type=\"heading.default\">\n<div class=\"elementor-widget-container\">\n<p class=\"elementor-heading-title elementor-size-default\"><img decoding=\"async\" class=\"wp-image-15179 size-full alignleft\" src=\"https:\/\/emsaquimica.com\/wp-content\/uploads\/2026\/01\/WEB_116x116px.png\" alt=\"Carles Puig - Emsa Tecnolog\u00eda Qu\u00edmica\" width=\"116\" height=\"116\" \/><strong>Carles Puig<\/strong><\/p>\n<\/div>\n<\/div>\n<div class=\"elementor-widget-container\">\n<p class=\"elementor-heading-title elementor-size-default\">PRODUCT MANAGER: COSM\u00c9TICA<\/p>\n<\/div>\n<div class=\"elementor-element elementor-element-69f4878 elementor-align-left elementor-icon-list--layout-traditional elementor-list-item-link-full_width elementor-widget elementor-widget-icon-list\" data-id=\"69f4878\" data-element_type=\"widget\" data-widget_type=\"icon-list.default\">\n<div class=\"elementor-widget-container\">\n<p><i class=\"fas fa-phone-alt\" aria-hidden=\"true\"><\/i><span class=\"elementor-icon-list-text\">\u00a0(+34)\u00a0<span data-teams=\"true\">638 348 843<\/span><\/span><\/p>\n<p><i class=\"fas fa-envelope\" aria-hidden=\"true\"><\/i><a href=\"https:\/\/emsaquimica.com\/2026\/02\/19\/prolicell-la-evolucion-de-la-biotecnologia-vegetal-en-cosmetica\/cpuig@emsaquimica.com\"><span class=\"elementor-icon-list-text\">\u00a0cpuig@emsaquimica.com<\/span><\/a><\/p>\n<\/div>\n<\/div>\n","protected":false},"excerpt":{"rendered":"<p>ProliCell\u00ae BaiCare associe cellules souches v\u00e9g\u00e9tales et small RNAs pour soutenir la fonctionnalit\u00e9 du follicule pileux, favoriser la croissance capillaire et contribuer \u00e0 r\u00e9duire la chute des cheveux.<\/p>\n","protected":false},"author":12,"featured_media":15912,"comment_status":"open","ping_status":"open","sticky":false,"template":"","format":"standard","meta":{"_acf_changed":false,"footnotes":""},"categories":[102,87,90],"tags":[],"class_list":["post-15921","post","type-post","status-publish","format-standard","has-post-thumbnail","hentry","category-general-fr","category-performance-chemicals-fr","category-representadas-fr"],"acf":[],"yoast_head":"<!-- This site is optimized with the Yoast SEO plugin v28.3 - https:\/\/yoast.com\/product\/yoast-seo-wordpress\/ -->\n<title>ProliCell\u00ae BaiCare : une nouvelle approche du follicule pileux | Emsa<\/title>\n<meta name=\"description\" content=\"D\u00e9couvrez comment ProliCell\u00ae BaiCare associe cellules souches v\u00e9g\u00e9tales et small RNAs pour soutenir le follicule pileux, r\u00e9duire la chute et favoriser la croissance capillaire.\" \/>\n<meta name=\"robots\" content=\"index, follow, max-snippet:-1, max-image-preview:large, max-video-preview:-1\" \/>\n<link rel=\"canonical\" href=\"https:\/\/emsaquimica.com\/fr\/2026\/09\/01\/prolicell-baicare-follicule-pileux\/\" \/>\n<meta property=\"og:locale\" content=\"fr_FR\" \/>\n<meta property=\"og:type\" content=\"article\" \/>\n<meta property=\"og:title\" content=\"ProliCell\u00ae BaiCare : une nouvelle approche du follicule pileux | Emsa\" \/>\n<meta property=\"og:description\" content=\"D\u00e9couvrez comment ProliCell\u00ae BaiCare associe cellules souches v\u00e9g\u00e9tales et small RNAs pour soutenir le follicule pileux, r\u00e9duire la chute et favoriser la croissance capillaire.\" \/>\n<meta property=\"og:url\" content=\"https:\/\/emsaquimica.com\/fr\/2026\/09\/01\/prolicell-baicare-follicule-pileux\/\" \/>\n<meta property=\"og:site_name\" content=\"Emsa\" \/>\n<meta property=\"article:published_time\" content=\"2026-09-01T13:45:52+00:00\" \/>\n<meta property=\"article:modified_time\" content=\"2026-09-01T14:21:43+00:00\" \/>\n<meta property=\"og:image\" content=\"https:\/\/emsaquimica.com\/wp-content\/uploads\/2026\/09\/BLOG-portada-1-1024x704.png\" \/>\n\t<meta property=\"og:image:width\" content=\"1024\" \/>\n\t<meta property=\"og:image:height\" content=\"704\" \/>\n\t<meta property=\"og:image:type\" content=\"image\/png\" \/>\n<meta name=\"author\" content=\"Marina Gimenez\" \/>\n<meta name=\"twitter:card\" content=\"summary_large_image\" \/>\n<meta name=\"twitter:label1\" content=\"\u00c9crit par\" \/>\n\t<meta name=\"twitter:data1\" content=\"Marina Gimenez\" \/>\n\t<meta name=\"twitter:label2\" content=\"Dur\u00e9e de lecture estim\u00e9e\" \/>\n\t<meta name=\"twitter:data2\" content=\"4 minutes\" \/>\n<script type=\"application\/ld+json\" class=\"yoast-schema-graph\">{\"@context\":\"https:\\\/\\\/schema.org\",\"@graph\":[{\"@type\":\"Article\",\"@id\":\"https:\\\/\\\/emsaquimica.com\\\/fr\\\/2026\\\/09\\\/01\\\/prolicell-baicare-follicule-pileux\\\/#article\",\"isPartOf\":{\"@id\":\"https:\\\/\\\/emsaquimica.com\\\/fr\\\/2026\\\/09\\\/01\\\/prolicell-baicare-follicule-pileux\\\/\"},\"author\":{\"name\":\"Marina Gimenez\",\"@id\":\"https:\\\/\\\/emsaquimica.com\\\/fr\\\/#\\\/schema\\\/person\\\/427369c3666537b67fa259fbe589383e\"},\"headline\":\"ProliCell\u00ae BaiCare : quand le follicule pileux revient au centre de l\u2019attention\",\"datePublished\":\"2026-09-01T13:45:52+00:00\",\"dateModified\":\"2026-09-01T14:21:43+00:00\",\"mainEntityOfPage\":{\"@id\":\"https:\\\/\\\/emsaquimica.com\\\/fr\\\/2026\\\/09\\\/01\\\/prolicell-baicare-follicule-pileux\\\/\"},\"wordCount\":646,\"commentCount\":0,\"publisher\":{\"@id\":\"https:\\\/\\\/emsaquimica.com\\\/fr\\\/#organization\"},\"image\":{\"@id\":\"https:\\\/\\\/emsaquimica.com\\\/fr\\\/2026\\\/09\\\/01\\\/prolicell-baicare-follicule-pileux\\\/#primaryimage\"},\"thumbnailUrl\":\"https:\\\/\\\/emsaquimica.com\\\/wp-content\\\/uploads\\\/2026\\\/09\\\/BLOG-portada-1.png\",\"articleSection\":[\"GENERAL\",\"PERFORMANCE CHEMICALS\",\"REPRESENTADAS\"],\"inLanguage\":\"fr-FR\",\"potentialAction\":[{\"@type\":\"CommentAction\",\"name\":\"Comment\",\"target\":[\"https:\\\/\\\/emsaquimica.com\\\/fr\\\/2026\\\/09\\\/01\\\/prolicell-baicare-follicule-pileux\\\/#respond\"]}]},{\"@type\":\"WebPage\",\"@id\":\"https:\\\/\\\/emsaquimica.com\\\/fr\\\/2026\\\/09\\\/01\\\/prolicell-baicare-follicule-pileux\\\/\",\"url\":\"https:\\\/\\\/emsaquimica.com\\\/fr\\\/2026\\\/09\\\/01\\\/prolicell-baicare-follicule-pileux\\\/\",\"name\":\"ProliCell\u00ae BaiCare : une nouvelle approche du follicule pileux | Emsa\",\"isPartOf\":{\"@id\":\"https:\\\/\\\/emsaquimica.com\\\/fr\\\/#website\"},\"primaryImageOfPage\":{\"@id\":\"https:\\\/\\\/emsaquimica.com\\\/fr\\\/2026\\\/09\\\/01\\\/prolicell-baicare-follicule-pileux\\\/#primaryimage\"},\"image\":{\"@id\":\"https:\\\/\\\/emsaquimica.com\\\/fr\\\/2026\\\/09\\\/01\\\/prolicell-baicare-follicule-pileux\\\/#primaryimage\"},\"thumbnailUrl\":\"https:\\\/\\\/emsaquimica.com\\\/wp-content\\\/uploads\\\/2026\\\/09\\\/BLOG-portada-1.png\",\"datePublished\":\"2026-09-01T13:45:52+00:00\",\"dateModified\":\"2026-09-01T14:21:43+00:00\",\"description\":\"D\u00e9couvrez comment ProliCell\u00ae BaiCare associe cellules souches v\u00e9g\u00e9tales et small RNAs pour soutenir le follicule pileux, r\u00e9duire la chute et favoriser la croissance capillaire.\",\"breadcrumb\":{\"@id\":\"https:\\\/\\\/emsaquimica.com\\\/fr\\\/2026\\\/09\\\/01\\\/prolicell-baicare-follicule-pileux\\\/#breadcrumb\"},\"inLanguage\":\"fr-FR\",\"potentialAction\":[{\"@type\":\"ReadAction\",\"target\":[\"https:\\\/\\\/emsaquimica.com\\\/fr\\\/2026\\\/09\\\/01\\\/prolicell-baicare-follicule-pileux\\\/\"]}]},{\"@type\":\"ImageObject\",\"inLanguage\":\"fr-FR\",\"@id\":\"https:\\\/\\\/emsaquimica.com\\\/fr\\\/2026\\\/09\\\/01\\\/prolicell-baicare-follicule-pileux\\\/#primaryimage\",\"url\":\"https:\\\/\\\/emsaquimica.com\\\/wp-content\\\/uploads\\\/2026\\\/09\\\/BLOG-portada-1.png\",\"contentUrl\":\"https:\\\/\\\/emsaquimica.com\\\/wp-content\\\/uploads\\\/2026\\\/09\\\/BLOG-portada-1.png\",\"width\":1600,\"height\":1100,\"caption\":\"ProliCell\u00ae BaiCare ativo cosm\u00e9tico para o cuidado do fol\u00edculo piloso\"},{\"@type\":\"BreadcrumbList\",\"@id\":\"https:\\\/\\\/emsaquimica.com\\\/fr\\\/2026\\\/09\\\/01\\\/prolicell-baicare-follicule-pileux\\\/#breadcrumb\",\"itemListElement\":[{\"@type\":\"ListItem\",\"position\":1,\"name\":\"Portada\",\"item\":\"https:\\\/\\\/emsaquimica.com\\\/fr\\\/\"},{\"@type\":\"ListItem\",\"position\":2,\"name\":\"ProliCell\u00ae BaiCare : quand le follicule pileux revient au centre de l\u2019attention\"}]},{\"@type\":\"WebSite\",\"@id\":\"https:\\\/\\\/emsaquimica.com\\\/fr\\\/#website\",\"url\":\"https:\\\/\\\/emsaquimica.com\\\/fr\\\/\",\"name\":\"Emsa\",\"description\":\"Committed Chemistry\",\"publisher\":{\"@id\":\"https:\\\/\\\/emsaquimica.com\\\/fr\\\/#organization\"},\"potentialAction\":[{\"@type\":\"SearchAction\",\"target\":{\"@type\":\"EntryPoint\",\"urlTemplate\":\"https:\\\/\\\/emsaquimica.com\\\/fr\\\/?s={search_term_string}\"},\"query-input\":{\"@type\":\"PropertyValueSpecification\",\"valueRequired\":true,\"valueName\":\"search_term_string\"}}],\"inLanguage\":\"fr-FR\"},{\"@type\":\"Organization\",\"@id\":\"https:\\\/\\\/emsaquimica.com\\\/fr\\\/#organization\",\"name\":\"Emsa\",\"url\":\"https:\\\/\\\/emsaquimica.com\\\/fr\\\/\",\"logo\":{\"@type\":\"ImageObject\",\"inLanguage\":\"fr-FR\",\"@id\":\"https:\\\/\\\/emsaquimica.com\\\/fr\\\/#\\\/schema\\\/logo\\\/image\\\/\",\"url\":\"https:\\\/\\\/emsaquimica.com\\\/wp-content\\\/uploads\\\/2021\\\/11\\\/Logo-Emsa.svg\",\"contentUrl\":\"https:\\\/\\\/emsaquimica.com\\\/wp-content\\\/uploads\\\/2021\\\/11\\\/Logo-Emsa.svg\",\"width\":200,\"height\":50,\"caption\":\"Emsa\"},\"image\":{\"@id\":\"https:\\\/\\\/emsaquimica.com\\\/fr\\\/#\\\/schema\\\/logo\\\/image\\\/\"}},{\"@type\":\"Person\",\"@id\":\"https:\\\/\\\/emsaquimica.com\\\/fr\\\/#\\\/schema\\\/person\\\/427369c3666537b67fa259fbe589383e\",\"name\":\"Marina Gimenez\",\"image\":{\"@type\":\"ImageObject\",\"inLanguage\":\"fr-FR\",\"@id\":\"https:\\\/\\\/secure.gravatar.com\\\/avatar\\\/7365793a639fec663494da5659c4827908ce37ec91282bd0a3e1d40c78193cd3?s=96&d=mm&r=g\",\"url\":\"https:\\\/\\\/secure.gravatar.com\\\/avatar\\\/7365793a639fec663494da5659c4827908ce37ec91282bd0a3e1d40c78193cd3?s=96&d=mm&r=g\",\"contentUrl\":\"https:\\\/\\\/secure.gravatar.com\\\/avatar\\\/7365793a639fec663494da5659c4827908ce37ec91282bd0a3e1d40c78193cd3?s=96&d=mm&r=g\",\"caption\":\"Marina Gimenez\"},\"url\":\"https:\\\/\\\/emsaquimica.com\\\/fr\\\/author\\\/mgimenezemsaquimica-com\\\/\"}]}<\/script>\n<!-- \/ Yoast SEO plugin. -->","yoast_head_json":{"title":"ProliCell\u00ae BaiCare : une nouvelle approche du follicule pileux | Emsa","description":"D\u00e9couvrez comment ProliCell\u00ae BaiCare associe cellules souches v\u00e9g\u00e9tales et small RNAs pour soutenir le follicule pileux, r\u00e9duire la chute et favoriser la croissance capillaire.","robots":{"index":"index","follow":"follow","max-snippet":"max-snippet:-1","max-image-preview":"max-image-preview:large","max-video-preview":"max-video-preview:-1"},"canonical":"https:\/\/emsaquimica.com\/fr\/2026\/09\/01\/prolicell-baicare-follicule-pileux\/","og_locale":"fr_FR","og_type":"article","og_title":"ProliCell\u00ae BaiCare : une nouvelle approche du follicule pileux | Emsa","og_description":"D\u00e9couvrez comment ProliCell\u00ae BaiCare associe cellules souches v\u00e9g\u00e9tales et small RNAs pour soutenir le follicule pileux, r\u00e9duire la chute et favoriser la croissance capillaire.","og_url":"https:\/\/emsaquimica.com\/fr\/2026\/09\/01\/prolicell-baicare-follicule-pileux\/","og_site_name":"Emsa","article_published_time":"2026-09-01T13:45:52+00:00","article_modified_time":"2026-09-01T14:21:43+00:00","og_image":[{"width":1024,"height":704,"url":"https:\/\/emsaquimica.com\/wp-content\/uploads\/2026\/09\/BLOG-portada-1-1024x704.png","type":"image\/png"}],"author":"Marina Gimenez","twitter_card":"summary_large_image","twitter_misc":{"\u00c9crit par":"Marina Gimenez","Dur\u00e9e de lecture estim\u00e9e":"4 minutes"},"schema":{"@context":"https:\/\/schema.org","@graph":[{"@type":"Article","@id":"https:\/\/emsaquimica.com\/fr\/2026\/09\/01\/prolicell-baicare-follicule-pileux\/#article","isPartOf":{"@id":"https:\/\/emsaquimica.com\/fr\/2026\/09\/01\/prolicell-baicare-follicule-pileux\/"},"author":{"name":"Marina Gimenez","@id":"https:\/\/emsaquimica.com\/fr\/#\/schema\/person\/427369c3666537b67fa259fbe589383e"},"headline":"ProliCell\u00ae BaiCare : quand le follicule pileux revient au centre de l\u2019attention","datePublished":"2026-09-01T13:45:52+00:00","dateModified":"2026-09-01T14:21:43+00:00","mainEntityOfPage":{"@id":"https:\/\/emsaquimica.com\/fr\/2026\/09\/01\/prolicell-baicare-follicule-pileux\/"},"wordCount":646,"commentCount":0,"publisher":{"@id":"https:\/\/emsaquimica.com\/fr\/#organization"},"image":{"@id":"https:\/\/emsaquimica.com\/fr\/2026\/09\/01\/prolicell-baicare-follicule-pileux\/#primaryimage"},"thumbnailUrl":"https:\/\/emsaquimica.com\/wp-content\/uploads\/2026\/09\/BLOG-portada-1.png","articleSection":["GENERAL","PERFORMANCE CHEMICALS","REPRESENTADAS"],"inLanguage":"fr-FR","potentialAction":[{"@type":"CommentAction","name":"Comment","target":["https:\/\/emsaquimica.com\/fr\/2026\/09\/01\/prolicell-baicare-follicule-pileux\/#respond"]}]},{"@type":"WebPage","@id":"https:\/\/emsaquimica.com\/fr\/2026\/09\/01\/prolicell-baicare-follicule-pileux\/","url":"https:\/\/emsaquimica.com\/fr\/2026\/09\/01\/prolicell-baicare-follicule-pileux\/","name":"ProliCell\u00ae BaiCare : une nouvelle approche du follicule pileux | Emsa","isPartOf":{"@id":"https:\/\/emsaquimica.com\/fr\/#website"},"primaryImageOfPage":{"@id":"https:\/\/emsaquimica.com\/fr\/2026\/09\/01\/prolicell-baicare-follicule-pileux\/#primaryimage"},"image":{"@id":"https:\/\/emsaquimica.com\/fr\/2026\/09\/01\/prolicell-baicare-follicule-pileux\/#primaryimage"},"thumbnailUrl":"https:\/\/emsaquimica.com\/wp-content\/uploads\/2026\/09\/BLOG-portada-1.png","datePublished":"2026-09-01T13:45:52+00:00","dateModified":"2026-09-01T14:21:43+00:00","description":"D\u00e9couvrez comment ProliCell\u00ae BaiCare associe cellules souches v\u00e9g\u00e9tales et small RNAs pour soutenir le follicule pileux, r\u00e9duire la chute et favoriser la croissance capillaire.","breadcrumb":{"@id":"https:\/\/emsaquimica.com\/fr\/2026\/09\/01\/prolicell-baicare-follicule-pileux\/#breadcrumb"},"inLanguage":"fr-FR","potentialAction":[{"@type":"ReadAction","target":["https:\/\/emsaquimica.com\/fr\/2026\/09\/01\/prolicell-baicare-follicule-pileux\/"]}]},{"@type":"ImageObject","inLanguage":"fr-FR","@id":"https:\/\/emsaquimica.com\/fr\/2026\/09\/01\/prolicell-baicare-follicule-pileux\/#primaryimage","url":"https:\/\/emsaquimica.com\/wp-content\/uploads\/2026\/09\/BLOG-portada-1.png","contentUrl":"https:\/\/emsaquimica.com\/wp-content\/uploads\/2026\/09\/BLOG-portada-1.png","width":1600,"height":1100,"caption":"ProliCell\u00ae BaiCare ativo cosm\u00e9tico para o cuidado do fol\u00edculo piloso"},{"@type":"BreadcrumbList","@id":"https:\/\/emsaquimica.com\/fr\/2026\/09\/01\/prolicell-baicare-follicule-pileux\/#breadcrumb","itemListElement":[{"@type":"ListItem","position":1,"name":"Portada","item":"https:\/\/emsaquimica.com\/fr\/"},{"@type":"ListItem","position":2,"name":"ProliCell\u00ae BaiCare : quand le follicule pileux revient au centre de l\u2019attention"}]},{"@type":"WebSite","@id":"https:\/\/emsaquimica.com\/fr\/#website","url":"https:\/\/emsaquimica.com\/fr\/","name":"Emsa","description":"Committed Chemistry","publisher":{"@id":"https:\/\/emsaquimica.com\/fr\/#organization"},"potentialAction":[{"@type":"SearchAction","target":{"@type":"EntryPoint","urlTemplate":"https:\/\/emsaquimica.com\/fr\/?s={search_term_string}"},"query-input":{"@type":"PropertyValueSpecification","valueRequired":true,"valueName":"search_term_string"}}],"inLanguage":"fr-FR"},{"@type":"Organization","@id":"https:\/\/emsaquimica.com\/fr\/#organization","name":"Emsa","url":"https:\/\/emsaquimica.com\/fr\/","logo":{"@type":"ImageObject","inLanguage":"fr-FR","@id":"https:\/\/emsaquimica.com\/fr\/#\/schema\/logo\/image\/","url":"https:\/\/emsaquimica.com\/wp-content\/uploads\/2021\/11\/Logo-Emsa.svg","contentUrl":"https:\/\/emsaquimica.com\/wp-content\/uploads\/2021\/11\/Logo-Emsa.svg","width":200,"height":50,"caption":"Emsa"},"image":{"@id":"https:\/\/emsaquimica.com\/fr\/#\/schema\/logo\/image\/"}},{"@type":"Person","@id":"https:\/\/emsaquimica.com\/fr\/#\/schema\/person\/427369c3666537b67fa259fbe589383e","name":"Marina Gimenez","image":{"@type":"ImageObject","inLanguage":"fr-FR","@id":"https:\/\/secure.gravatar.com\/avatar\/7365793a639fec663494da5659c4827908ce37ec91282bd0a3e1d40c78193cd3?s=96&d=mm&r=g","url":"https:\/\/secure.gravatar.com\/avatar\/7365793a639fec663494da5659c4827908ce37ec91282bd0a3e1d40c78193cd3?s=96&d=mm&r=g","contentUrl":"https:\/\/secure.gravatar.com\/avatar\/7365793a639fec663494da5659c4827908ce37ec91282bd0a3e1d40c78193cd3?s=96&d=mm&r=g","caption":"Marina Gimenez"},"url":"https:\/\/emsaquimica.com\/fr\/author\/mgimenezemsaquimica-com\/"}]}},"_links":{"self":[{"href":"https:\/\/emsaquimica.com\/fr\/wp-json\/wp\/v2\/posts\/15921","targetHints":{"allow":["GET"]}}],"collection":[{"href":"https:\/\/emsaquimica.com\/fr\/wp-json\/wp\/v2\/posts"}],"about":[{"href":"https:\/\/emsaquimica.com\/fr\/wp-json\/wp\/v2\/types\/post"}],"author":[{"embeddable":true,"href":"https:\/\/emsaquimica.com\/fr\/wp-json\/wp\/v2\/users\/12"}],"replies":[{"embeddable":true,"href":"https:\/\/emsaquimica.com\/fr\/wp-json\/wp\/v2\/comments?post=15921"}],"version-history":[{"count":1,"href":"https:\/\/emsaquimica.com\/fr\/wp-json\/wp\/v2\/posts\/15921\/revisions"}],"predecessor-version":[{"id":15922,"href":"https:\/\/emsaquimica.com\/fr\/wp-json\/wp\/v2\/posts\/15921\/revisions\/15922"}],"wp:featuredmedia":[{"embeddable":true,"href":"https:\/\/emsaquimica.com\/fr\/wp-json\/wp\/v2\/media\/15912"}],"wp:attachment":[{"href":"https:\/\/emsaquimica.com\/fr\/wp-json\/wp\/v2\/media?parent=15921"}],"wp:term":[{"taxonomy":"category","embeddable":true,"href":"https:\/\/emsaquimica.com\/fr\/wp-json\/wp\/v2\/categories?post=15921"},{"taxonomy":"post_tag","embeddable":true,"href":"https:\/\/emsaquimica.com\/fr\/wp-json\/wp\/v2\/tags?post=15921"}],"curies":[{"name":"wp","href":"https:\/\/api.w.org\/{rel}","templated":true}]}}