{"id":10373,"date":"2022-01-07T12:52:31","date_gmt":"2022-01-07T11:52:31","guid":{"rendered":"https:\/\/emsaquimica.com\/2022\/01\/07\/dia-mundial-de-la-agricultura-evolucion-hacia-una-modelo-sostenible\/"},"modified":"2022-09-07T16:40:46","modified_gmt":"2022-09-07T14:40:46","slug":"dia-mundial-de-la-agricultura-evolucion-hacia-una-modelo-sostenible","status":"publish","type":"post","link":"https:\/\/emsaquimica.com\/pt-pt\/2022\/01\/07\/dia-mundial-de-la-agricultura-evolucion-hacia-una-modelo-sostenible\/","title":{"rendered":"Dia Mundial da Agricultura: Em direc\u00e7\u00e3o a um modelo sustent\u00e1vel"},"content":{"rendered":"<p>O dia 9 de Setembro assinala o Dia Mundial da Agricultura, uma data destinada a destacar o trabalho di\u00e1rio realizado por milh\u00f5es de pessoas em todo o mundo no <a href=\"https:\/\/emsaquimica.com\/pt-pt\/sectores\/agroquimica-pr\/\">sector agr\u00edcola<\/a>, bem como a sensibilizar para os muitos desafios que este sector enfrenta.<\/p>\n<p>O impacto das altera\u00e7\u00f5es clim\u00e1ticas e as novas tend\u00eancias de consumo alimentar tornam essencial o estudo, o desenvolvimento e a inova\u00e7\u00e3o na agricultura.<\/p>\n<p>A agricultura desempenha um papel fundamental nos Objectivos de Desenvolvimento Sustent\u00e1vel, uma vez que a evolu\u00e7\u00e3o para uma agricultura de precis\u00e3o pode ajudar a erradicar a fome, reduzir a pobreza, proteger o ambiente natural e impulsionar o desenvolvimento econ\u00f3mico.<\/p>\n<p>Com este objectivo em mente, a CE incluiu o projecto<a href=\"https:\/\/food.ec.europa.eu\/horizontal-topics\/farm-fork-strategy_en\"> Farm to Fork<\/a> no Acordo Verde Europeu, que visa encorajar a inova\u00e7\u00e3o e promover uma mudan\u00e7a na consci\u00eancia dos consumidores que ir\u00e1 gerar um sistema alimentar mais sustent\u00e1vel.<\/p>\n<p>Na EMSA queremos ser parte activa da mudan\u00e7a para uma agricultura mais respeitosa, sustent\u00e1vel e saud\u00e1vel, atrav\u00e9s da cria\u00e7\u00e3o de uma gama de fertilizantes e bioestimulantes, adequados \u00e0 agricultura biol\u00f3gica, criados com mat\u00e9rias-primas e ingredientes de origem natural ou da economia circular.<\/p>\n<h4><strong>Dentro da gama Naturful, podemos encontrar quatro linhas de produtos:<\/strong><\/h4>\n<p>&nbsp;<\/p>\n<div class=\"elementor-widget-wrap elementor-element-populated elementor-column-gap-default\">\n<div class=\"elementor-column elementor-col-25\" data-element_type=\"column\">\n<div class=\"elementor-widget-wrap elementor-element-populated\"><a href=\"https:\/\/emsaquimica.com\/pt-pt\/productos\/naturful\/\"><img decoding=\"async\" class=\"size-full wp-image-10268 aligncenter\" src=\"https:\/\/emsaquimica.com\/wp-content\/uploads\/2022\/09\/1.png\" alt=\"\" width=\"200\" height=\"200\" srcset=\"https:\/\/emsaquimica.com\/wp-content\/uploads\/2022\/09\/1.png 200w, https:\/\/emsaquimica.com\/wp-content\/uploads\/2022\/09\/1-150x150.png 150w\" sizes=\"(max-width: 200px) 100vw, 200px\" \/><\/a><\/div>\n<\/div>\n<div class=\"elementor-column elementor-col-25\" data-element_type=\"column\">\n<div class=\"elementor-widget-wrap elementor-element-populated\"><a href=\"https:\/\/emsaquimica.com\/pt-pt\/productos\/naturful-amin\"><img decoding=\"async\" class=\"size-full wp-image-10272 alignleft\" src=\"https:\/\/emsaquimica.com\/wp-content\/uploads\/2022\/09\/2.png\" alt=\"\" width=\"200\" height=\"200\" srcset=\"https:\/\/emsaquimica.com\/wp-content\/uploads\/2022\/09\/2.png 200w, https:\/\/emsaquimica.com\/wp-content\/uploads\/2022\/09\/2-150x150.png 150w\" sizes=\"(max-width: 200px) 100vw, 200px\" \/><\/a><\/div>\n<\/div>\n<div class=\"elementor-column elementor-col-25\" data-element_type=\"column\">\n<div class=\"elementor-widget-wrap elementor-element-populated\"><a href=\"https:\/\/emsaquimica.com\/pt-pt\/productos\/naturful-humi\/\"><img decoding=\"async\" class=\"size-full wp-image-10276 alignleft\" src=\"https:\/\/emsaquimica.com\/wp-content\/uploads\/2022\/09\/3.png\" alt=\"\" width=\"200\" height=\"200\" srcset=\"https:\/\/emsaquimica.com\/wp-content\/uploads\/2022\/09\/3.png 200w, https:\/\/emsaquimica.com\/wp-content\/uploads\/2022\/09\/3-150x150.png 150w\" sizes=\"(max-width: 200px) 100vw, 200px\" \/><\/a><\/div>\n<\/div>\n<div class=\"elementor-column elementor-col-25\" data-element_type=\"column\">\n<div class=\"elementor-widget-wrap elementor-element-populated\"><a href=\"https:\/\/emsaquimica.com\/pt-pt\/productos\/naturful-sea\/\"><img loading=\"lazy\" decoding=\"async\" class=\"alignleft wp-image-10280 size-full\" src=\"https:\/\/emsaquimica.com\/wp-content\/uploads\/2022\/09\/4.png\" alt=\"\" width=\"200\" height=\"200\" srcset=\"https:\/\/emsaquimica.com\/wp-content\/uploads\/2022\/09\/4.png 200w, https:\/\/emsaquimica.com\/wp-content\/uploads\/2022\/09\/4-150x150.png 150w\" sizes=\"(max-width: 200px) 100vw, 200px\" \/><\/a><\/div>\n<\/div>\n<\/div>\n<p>&nbsp;<\/p>\n<h5><a href=\"https:\/\/emsaquimica.com\/pt-pt\/productos\/naturful\/\"><span style=\"color: #ff7c70;\">Naturful:<\/span> <\/a><\/h5>\n<p>Bioestimulantes baseados em mat\u00e9ria org\u00e2nica, \u00e1cidos f\u00falvicos, pot\u00e1ssio e azoto que proporcionam numerosos benef\u00edcios \u00e0s plantas, melhorando o crescimento das culturas e aumentando os rendimentos. O fornecimento constante de pequenas quantidades de Naturful proporciona \u00e0 planta uma boa sa\u00fade e prepara-a para combater as fases de stress abi\u00f3tico.<\/p>\n<h5><a href=\"https:\/\/emsaquimica.com\/pt-pt\/productos\/naturful-amin\"><strong><span style=\"color: #69d0a3;\">Naturful AMIN:<\/span> <\/strong><\/a><\/h5>\n<p>Esta \u00e9 uma linha de bioestimulantes de origem natural composta por misturas equilibradas de amino\u00e1cidos que s\u00e3o facilmente assimil\u00e1veis pela planta. Acelera o crescimento e prepara a planta para atenuar os efeitos das fases de stress, melhorando a flora\u00e7\u00e3o, a frutifica\u00e7\u00e3o e o tamanho m\u00e9dio dos frutos.<\/p>\n<h5><a href=\"https:\/\/emsaquimica.com\/pt-pt\/productos\/naturful-humi\/\"><span style=\"color: #ffde59;\">Naturful H<\/span><span style=\"color: #ffde59;\">UMI:<\/span> <\/a><\/h5>\n<p>Composto por \u00e1cidos h\u00famicos e f\u00falvicos \u00e0 base de leonardite (de origem natural). Fornece mat\u00e9ria org\u00e2nica e desempenha, portanto, um papel vital na estrutura\u00e7\u00e3o e regenera\u00e7\u00e3o do solo.<\/p>\n<h5><a href=\"https:\/\/emsaquimica.com\/pt-pt\/productos\/naturful-sea\/\"><span style=\"color: #73b4d8;\">Naturful SEA:<\/span> <\/a><\/h5>\n<p><span style=\"font-weight: 400;\">Criado com base em extractos de algas marinhas Ascophyllum nodosum. Promove principalmente a actividade metab\u00f3lica da planta, activando-a para produzir as suas pr\u00f3prias hormonas. Aumenta a actividade dos microrganismos do solo preparando-o para criar um ecossistema equilibrado de uma forma natural em simbiose com a planta.<\/span><\/p>\n<p>&nbsp;<\/p>\n<p>&nbsp;<\/p>\n<div class=\"elementor-widget-wrap elementor-element-populated elementor-column-gap-default\">\n<div class=\"elementor-column elementor-col-25\" data-element_type=\"column\"><\/div>\n<\/div>\n","protected":false},"excerpt":{"rendered":"<p>Esta data visa sensibilizar para os muitos desafios que este sector enfrenta.<\/p>\n","protected":false},"author":4,"featured_media":10359,"comment_status":"open","ping_status":"open","sticky":false,"template":"","format":"standard","meta":{"_acf_changed":false,"footnotes":""},"categories":[113,104,138,105,114],"tags":[],"class_list":["post-10373","post","type-post","status-publish","format-standard","has-post-thumbnail","hentry","category-emsa-team-pt-pt","category-general-pt-pt","category-innovacion-pt","category-life-science-pt-pt","category-sostenibilidad-pt-pt"],"acf":[],"yoast_head":"<!-- This site is optimized with the Yoast SEO plugin v27.5 - https:\/\/yoast.com\/product\/yoast-seo-wordpress\/ -->\n<title>Dia Mundial da Agricultura: Em direc\u00e7\u00e3o a um modelo sustent\u00e1vel - Emsa<\/title>\n<meta name=\"robots\" content=\"index, follow, max-snippet:-1, max-image-preview:large, max-video-preview:-1\" \/>\n<link rel=\"canonical\" href=\"https:\/\/emsaquimica.com\/pt-pt\/2022\/01\/07\/dia-mundial-de-la-agricultura-evolucion-hacia-una-modelo-sostenible\/\" \/>\n<meta property=\"og:locale\" content=\"pt_PT\" \/>\n<meta property=\"og:type\" content=\"article\" \/>\n<meta property=\"og:title\" content=\"Dia Mundial da Agricultura: Em direc\u00e7\u00e3o a um modelo sustent\u00e1vel - Emsa\" \/>\n<meta property=\"og:description\" content=\"Esta data visa sensibilizar para os muitos desafios que este sector enfrenta.\" \/>\n<meta property=\"og:url\" content=\"https:\/\/emsaquimica.com\/pt-pt\/2022\/01\/07\/dia-mundial-de-la-agricultura-evolucion-hacia-una-modelo-sostenible\/\" \/>\n<meta property=\"og:site_name\" content=\"Emsa\" \/>\n<meta property=\"article:published_time\" content=\"2022-01-07T11:52:31+00:00\" \/>\n<meta property=\"article:modified_time\" content=\"2022-09-07T14:40:46+00:00\" \/>\n<meta property=\"og:image\" content=\"https:\/\/emsaquimica.com\/wp-content\/uploads\/2022\/09\/dan-meyers-0AgtPoAARtE-unsplash.jpg\" \/>\n\t<meta property=\"og:image:width\" content=\"1920\" \/>\n\t<meta property=\"og:image:height\" content=\"1279\" \/>\n\t<meta property=\"og:image:type\" content=\"image\/jpeg\" \/>\n<meta name=\"author\" content=\"Luc\u00eda Sendon\" \/>\n<meta name=\"twitter:card\" content=\"summary_large_image\" \/>\n<meta name=\"twitter:label1\" content=\"Escrito por\" \/>\n\t<meta name=\"twitter:data1\" content=\"Luc\u00eda Sendon\" \/>\n\t<meta name=\"twitter:label2\" content=\"Tempo estimado de leitura\" \/>\n\t<meta name=\"twitter:data2\" content=\"2 minutos\" \/>\n<script type=\"application\/ld+json\" class=\"yoast-schema-graph\">{\"@context\":\"https:\\\/\\\/schema.org\",\"@graph\":[{\"@type\":\"Article\",\"@id\":\"https:\\\/\\\/emsaquimica.com\\\/pt-pt\\\/2022\\\/01\\\/07\\\/dia-mundial-de-la-agricultura-evolucion-hacia-una-modelo-sostenible\\\/#article\",\"isPartOf\":{\"@id\":\"https:\\\/\\\/emsaquimica.com\\\/pt-pt\\\/2022\\\/01\\\/07\\\/dia-mundial-de-la-agricultura-evolucion-hacia-una-modelo-sostenible\\\/\"},\"author\":{\"name\":\"Luc\u00eda Sendon\",\"@id\":\"https:\\\/\\\/emsaquimica.com\\\/pt-pt\\\/#\\\/schema\\\/person\\\/6220dd4edbe09a20ab455fbdf986da95\"},\"headline\":\"Dia Mundial da Agricultura: Em direc\u00e7\u00e3o a um modelo sustent\u00e1vel\",\"datePublished\":\"2022-01-07T11:52:31+00:00\",\"dateModified\":\"2022-09-07T14:40:46+00:00\",\"mainEntityOfPage\":{\"@id\":\"https:\\\/\\\/emsaquimica.com\\\/pt-pt\\\/2022\\\/01\\\/07\\\/dia-mundial-de-la-agricultura-evolucion-hacia-una-modelo-sostenible\\\/\"},\"wordCount\":426,\"commentCount\":0,\"publisher\":{\"@id\":\"https:\\\/\\\/emsaquimica.com\\\/pt-pt\\\/#organization\"},\"image\":{\"@id\":\"https:\\\/\\\/emsaquimica.com\\\/pt-pt\\\/2022\\\/01\\\/07\\\/dia-mundial-de-la-agricultura-evolucion-hacia-una-modelo-sostenible\\\/#primaryimage\"},\"thumbnailUrl\":\"https:\\\/\\\/emsaquimica.com\\\/wp-content\\\/uploads\\\/2022\\\/09\\\/dan-meyers-0AgtPoAARtE-unsplash.jpg\",\"articleSection\":[\"EMSA TEAM\",\"GENERAL\",\"INNOVACION\",\"LIFE SCIENCE\",\"SOSTENIBILIDAD\"],\"inLanguage\":\"pt-PT\",\"potentialAction\":[{\"@type\":\"CommentAction\",\"name\":\"Comment\",\"target\":[\"https:\\\/\\\/emsaquimica.com\\\/pt-pt\\\/2022\\\/01\\\/07\\\/dia-mundial-de-la-agricultura-evolucion-hacia-una-modelo-sostenible\\\/#respond\"]}]},{\"@type\":\"WebPage\",\"@id\":\"https:\\\/\\\/emsaquimica.com\\\/pt-pt\\\/2022\\\/01\\\/07\\\/dia-mundial-de-la-agricultura-evolucion-hacia-una-modelo-sostenible\\\/\",\"url\":\"https:\\\/\\\/emsaquimica.com\\\/pt-pt\\\/2022\\\/01\\\/07\\\/dia-mundial-de-la-agricultura-evolucion-hacia-una-modelo-sostenible\\\/\",\"name\":\"Dia Mundial da Agricultura: Em direc\u00e7\u00e3o a um modelo sustent\u00e1vel - Emsa\",\"isPartOf\":{\"@id\":\"https:\\\/\\\/emsaquimica.com\\\/pt-pt\\\/#website\"},\"primaryImageOfPage\":{\"@id\":\"https:\\\/\\\/emsaquimica.com\\\/pt-pt\\\/2022\\\/01\\\/07\\\/dia-mundial-de-la-agricultura-evolucion-hacia-una-modelo-sostenible\\\/#primaryimage\"},\"image\":{\"@id\":\"https:\\\/\\\/emsaquimica.com\\\/pt-pt\\\/2022\\\/01\\\/07\\\/dia-mundial-de-la-agricultura-evolucion-hacia-una-modelo-sostenible\\\/#primaryimage\"},\"thumbnailUrl\":\"https:\\\/\\\/emsaquimica.com\\\/wp-content\\\/uploads\\\/2022\\\/09\\\/dan-meyers-0AgtPoAARtE-unsplash.jpg\",\"datePublished\":\"2022-01-07T11:52:31+00:00\",\"dateModified\":\"2022-09-07T14:40:46+00:00\",\"breadcrumb\":{\"@id\":\"https:\\\/\\\/emsaquimica.com\\\/pt-pt\\\/2022\\\/01\\\/07\\\/dia-mundial-de-la-agricultura-evolucion-hacia-una-modelo-sostenible\\\/#breadcrumb\"},\"inLanguage\":\"pt-PT\",\"potentialAction\":[{\"@type\":\"ReadAction\",\"target\":[\"https:\\\/\\\/emsaquimica.com\\\/pt-pt\\\/2022\\\/01\\\/07\\\/dia-mundial-de-la-agricultura-evolucion-hacia-una-modelo-sostenible\\\/\"]}]},{\"@type\":\"ImageObject\",\"inLanguage\":\"pt-PT\",\"@id\":\"https:\\\/\\\/emsaquimica.com\\\/pt-pt\\\/2022\\\/01\\\/07\\\/dia-mundial-de-la-agricultura-evolucion-hacia-una-modelo-sostenible\\\/#primaryimage\",\"url\":\"https:\\\/\\\/emsaquimica.com\\\/wp-content\\\/uploads\\\/2022\\\/09\\\/dan-meyers-0AgtPoAARtE-unsplash.jpg\",\"contentUrl\":\"https:\\\/\\\/emsaquimica.com\\\/wp-content\\\/uploads\\\/2022\\\/09\\\/dan-meyers-0AgtPoAARtE-unsplash.jpg\",\"width\":1920,\"height\":1279},{\"@type\":\"BreadcrumbList\",\"@id\":\"https:\\\/\\\/emsaquimica.com\\\/pt-pt\\\/2022\\\/01\\\/07\\\/dia-mundial-de-la-agricultura-evolucion-hacia-una-modelo-sostenible\\\/#breadcrumb\",\"itemListElement\":[{\"@type\":\"ListItem\",\"position\":1,\"name\":\"Portada\",\"item\":\"https:\\\/\\\/emsaquimica.com\\\/pt-pt\\\/\"},{\"@type\":\"ListItem\",\"position\":2,\"name\":\"Dia Mundial da Agricultura: Em direc\u00e7\u00e3o a um modelo sustent\u00e1vel\"}]},{\"@type\":\"WebSite\",\"@id\":\"https:\\\/\\\/emsaquimica.com\\\/pt-pt\\\/#website\",\"url\":\"https:\\\/\\\/emsaquimica.com\\\/pt-pt\\\/\",\"name\":\"Emsa\",\"description\":\"Committed Chemistry\",\"publisher\":{\"@id\":\"https:\\\/\\\/emsaquimica.com\\\/pt-pt\\\/#organization\"},\"potentialAction\":[{\"@type\":\"SearchAction\",\"target\":{\"@type\":\"EntryPoint\",\"urlTemplate\":\"https:\\\/\\\/emsaquimica.com\\\/pt-pt\\\/?s={search_term_string}\"},\"query-input\":{\"@type\":\"PropertyValueSpecification\",\"valueRequired\":true,\"valueName\":\"search_term_string\"}}],\"inLanguage\":\"pt-PT\"},{\"@type\":\"Organization\",\"@id\":\"https:\\\/\\\/emsaquimica.com\\\/pt-pt\\\/#organization\",\"name\":\"Emsa\",\"url\":\"https:\\\/\\\/emsaquimica.com\\\/pt-pt\\\/\",\"logo\":{\"@type\":\"ImageObject\",\"inLanguage\":\"pt-PT\",\"@id\":\"https:\\\/\\\/emsaquimica.com\\\/pt-pt\\\/#\\\/schema\\\/logo\\\/image\\\/\",\"url\":\"https:\\\/\\\/emsaquimica.com\\\/wp-content\\\/uploads\\\/2021\\\/11\\\/Logo-Emsa.svg\",\"contentUrl\":\"https:\\\/\\\/emsaquimica.com\\\/wp-content\\\/uploads\\\/2021\\\/11\\\/Logo-Emsa.svg\",\"width\":200,\"height\":50,\"caption\":\"Emsa\"},\"image\":{\"@id\":\"https:\\\/\\\/emsaquimica.com\\\/pt-pt\\\/#\\\/schema\\\/logo\\\/image\\\/\"}},{\"@type\":\"Person\",\"@id\":\"https:\\\/\\\/emsaquimica.com\\\/pt-pt\\\/#\\\/schema\\\/person\\\/6220dd4edbe09a20ab455fbdf986da95\",\"name\":\"Luc\u00eda Sendon\",\"image\":{\"@type\":\"ImageObject\",\"inLanguage\":\"pt-PT\",\"@id\":\"https:\\\/\\\/secure.gravatar.com\\\/avatar\\\/e1bd500e76aa978f50f4f74edc241e36f14cb7883b817242922ec44be5ec8af5?s=96&d=mm&r=g\",\"url\":\"https:\\\/\\\/secure.gravatar.com\\\/avatar\\\/e1bd500e76aa978f50f4f74edc241e36f14cb7883b817242922ec44be5ec8af5?s=96&d=mm&r=g\",\"contentUrl\":\"https:\\\/\\\/secure.gravatar.com\\\/avatar\\\/e1bd500e76aa978f50f4f74edc241e36f14cb7883b817242922ec44be5ec8af5?s=96&d=mm&r=g\",\"caption\":\"Luc\u00eda Sendon\"},\"url\":\"https:\\\/\\\/emsaquimica.com\\\/pt-pt\\\/author\\\/lsendon\\\/\"}]}<\/script>\n<!-- \/ Yoast SEO plugin. -->","yoast_head_json":{"title":"Dia Mundial da Agricultura: Em direc\u00e7\u00e3o a um modelo sustent\u00e1vel - Emsa","robots":{"index":"index","follow":"follow","max-snippet":"max-snippet:-1","max-image-preview":"max-image-preview:large","max-video-preview":"max-video-preview:-1"},"canonical":"https:\/\/emsaquimica.com\/pt-pt\/2022\/01\/07\/dia-mundial-de-la-agricultura-evolucion-hacia-una-modelo-sostenible\/","og_locale":"pt_PT","og_type":"article","og_title":"Dia Mundial da Agricultura: Em direc\u00e7\u00e3o a um modelo sustent\u00e1vel - Emsa","og_description":"Esta data visa sensibilizar para os muitos desafios que este sector enfrenta.","og_url":"https:\/\/emsaquimica.com\/pt-pt\/2022\/01\/07\/dia-mundial-de-la-agricultura-evolucion-hacia-una-modelo-sostenible\/","og_site_name":"Emsa","article_published_time":"2022-01-07T11:52:31+00:00","article_modified_time":"2022-09-07T14:40:46+00:00","og_image":[{"width":1920,"height":1279,"url":"https:\/\/emsaquimica.com\/wp-content\/uploads\/2022\/09\/dan-meyers-0AgtPoAARtE-unsplash.jpg","type":"image\/jpeg"}],"author":"Luc\u00eda Sendon","twitter_card":"summary_large_image","twitter_misc":{"Escrito por":"Luc\u00eda Sendon","Tempo estimado de leitura":"2 minutos"},"schema":{"@context":"https:\/\/schema.org","@graph":[{"@type":"Article","@id":"https:\/\/emsaquimica.com\/pt-pt\/2022\/01\/07\/dia-mundial-de-la-agricultura-evolucion-hacia-una-modelo-sostenible\/#article","isPartOf":{"@id":"https:\/\/emsaquimica.com\/pt-pt\/2022\/01\/07\/dia-mundial-de-la-agricultura-evolucion-hacia-una-modelo-sostenible\/"},"author":{"name":"Luc\u00eda Sendon","@id":"https:\/\/emsaquimica.com\/pt-pt\/#\/schema\/person\/6220dd4edbe09a20ab455fbdf986da95"},"headline":"Dia Mundial da Agricultura: Em direc\u00e7\u00e3o a um modelo sustent\u00e1vel","datePublished":"2022-01-07T11:52:31+00:00","dateModified":"2022-09-07T14:40:46+00:00","mainEntityOfPage":{"@id":"https:\/\/emsaquimica.com\/pt-pt\/2022\/01\/07\/dia-mundial-de-la-agricultura-evolucion-hacia-una-modelo-sostenible\/"},"wordCount":426,"commentCount":0,"publisher":{"@id":"https:\/\/emsaquimica.com\/pt-pt\/#organization"},"image":{"@id":"https:\/\/emsaquimica.com\/pt-pt\/2022\/01\/07\/dia-mundial-de-la-agricultura-evolucion-hacia-una-modelo-sostenible\/#primaryimage"},"thumbnailUrl":"https:\/\/emsaquimica.com\/wp-content\/uploads\/2022\/09\/dan-meyers-0AgtPoAARtE-unsplash.jpg","articleSection":["EMSA TEAM","GENERAL","INNOVACION","LIFE SCIENCE","SOSTENIBILIDAD"],"inLanguage":"pt-PT","potentialAction":[{"@type":"CommentAction","name":"Comment","target":["https:\/\/emsaquimica.com\/pt-pt\/2022\/01\/07\/dia-mundial-de-la-agricultura-evolucion-hacia-una-modelo-sostenible\/#respond"]}]},{"@type":"WebPage","@id":"https:\/\/emsaquimica.com\/pt-pt\/2022\/01\/07\/dia-mundial-de-la-agricultura-evolucion-hacia-una-modelo-sostenible\/","url":"https:\/\/emsaquimica.com\/pt-pt\/2022\/01\/07\/dia-mundial-de-la-agricultura-evolucion-hacia-una-modelo-sostenible\/","name":"Dia Mundial da Agricultura: Em direc\u00e7\u00e3o a um modelo sustent\u00e1vel - Emsa","isPartOf":{"@id":"https:\/\/emsaquimica.com\/pt-pt\/#website"},"primaryImageOfPage":{"@id":"https:\/\/emsaquimica.com\/pt-pt\/2022\/01\/07\/dia-mundial-de-la-agricultura-evolucion-hacia-una-modelo-sostenible\/#primaryimage"},"image":{"@id":"https:\/\/emsaquimica.com\/pt-pt\/2022\/01\/07\/dia-mundial-de-la-agricultura-evolucion-hacia-una-modelo-sostenible\/#primaryimage"},"thumbnailUrl":"https:\/\/emsaquimica.com\/wp-content\/uploads\/2022\/09\/dan-meyers-0AgtPoAARtE-unsplash.jpg","datePublished":"2022-01-07T11:52:31+00:00","dateModified":"2022-09-07T14:40:46+00:00","breadcrumb":{"@id":"https:\/\/emsaquimica.com\/pt-pt\/2022\/01\/07\/dia-mundial-de-la-agricultura-evolucion-hacia-una-modelo-sostenible\/#breadcrumb"},"inLanguage":"pt-PT","potentialAction":[{"@type":"ReadAction","target":["https:\/\/emsaquimica.com\/pt-pt\/2022\/01\/07\/dia-mundial-de-la-agricultura-evolucion-hacia-una-modelo-sostenible\/"]}]},{"@type":"ImageObject","inLanguage":"pt-PT","@id":"https:\/\/emsaquimica.com\/pt-pt\/2022\/01\/07\/dia-mundial-de-la-agricultura-evolucion-hacia-una-modelo-sostenible\/#primaryimage","url":"https:\/\/emsaquimica.com\/wp-content\/uploads\/2022\/09\/dan-meyers-0AgtPoAARtE-unsplash.jpg","contentUrl":"https:\/\/emsaquimica.com\/wp-content\/uploads\/2022\/09\/dan-meyers-0AgtPoAARtE-unsplash.jpg","width":1920,"height":1279},{"@type":"BreadcrumbList","@id":"https:\/\/emsaquimica.com\/pt-pt\/2022\/01\/07\/dia-mundial-de-la-agricultura-evolucion-hacia-una-modelo-sostenible\/#breadcrumb","itemListElement":[{"@type":"ListItem","position":1,"name":"Portada","item":"https:\/\/emsaquimica.com\/pt-pt\/"},{"@type":"ListItem","position":2,"name":"Dia Mundial da Agricultura: Em direc\u00e7\u00e3o a um modelo sustent\u00e1vel"}]},{"@type":"WebSite","@id":"https:\/\/emsaquimica.com\/pt-pt\/#website","url":"https:\/\/emsaquimica.com\/pt-pt\/","name":"Emsa","description":"Committed Chemistry","publisher":{"@id":"https:\/\/emsaquimica.com\/pt-pt\/#organization"},"potentialAction":[{"@type":"SearchAction","target":{"@type":"EntryPoint","urlTemplate":"https:\/\/emsaquimica.com\/pt-pt\/?s={search_term_string}"},"query-input":{"@type":"PropertyValueSpecification","valueRequired":true,"valueName":"search_term_string"}}],"inLanguage":"pt-PT"},{"@type":"Organization","@id":"https:\/\/emsaquimica.com\/pt-pt\/#organization","name":"Emsa","url":"https:\/\/emsaquimica.com\/pt-pt\/","logo":{"@type":"ImageObject","inLanguage":"pt-PT","@id":"https:\/\/emsaquimica.com\/pt-pt\/#\/schema\/logo\/image\/","url":"https:\/\/emsaquimica.com\/wp-content\/uploads\/2021\/11\/Logo-Emsa.svg","contentUrl":"https:\/\/emsaquimica.com\/wp-content\/uploads\/2021\/11\/Logo-Emsa.svg","width":200,"height":50,"caption":"Emsa"},"image":{"@id":"https:\/\/emsaquimica.com\/pt-pt\/#\/schema\/logo\/image\/"}},{"@type":"Person","@id":"https:\/\/emsaquimica.com\/pt-pt\/#\/schema\/person\/6220dd4edbe09a20ab455fbdf986da95","name":"Luc\u00eda Sendon","image":{"@type":"ImageObject","inLanguage":"pt-PT","@id":"https:\/\/secure.gravatar.com\/avatar\/e1bd500e76aa978f50f4f74edc241e36f14cb7883b817242922ec44be5ec8af5?s=96&d=mm&r=g","url":"https:\/\/secure.gravatar.com\/avatar\/e1bd500e76aa978f50f4f74edc241e36f14cb7883b817242922ec44be5ec8af5?s=96&d=mm&r=g","contentUrl":"https:\/\/secure.gravatar.com\/avatar\/e1bd500e76aa978f50f4f74edc241e36f14cb7883b817242922ec44be5ec8af5?s=96&d=mm&r=g","caption":"Luc\u00eda Sendon"},"url":"https:\/\/emsaquimica.com\/pt-pt\/author\/lsendon\/"}]}},"_links":{"self":[{"href":"https:\/\/emsaquimica.com\/pt-pt\/wp-json\/wp\/v2\/posts\/10373","targetHints":{"allow":["GET"]}}],"collection":[{"href":"https:\/\/emsaquimica.com\/pt-pt\/wp-json\/wp\/v2\/posts"}],"about":[{"href":"https:\/\/emsaquimica.com\/pt-pt\/wp-json\/wp\/v2\/types\/post"}],"author":[{"embeddable":true,"href":"https:\/\/emsaquimica.com\/pt-pt\/wp-json\/wp\/v2\/users\/4"}],"replies":[{"embeddable":true,"href":"https:\/\/emsaquimica.com\/pt-pt\/wp-json\/wp\/v2\/comments?post=10373"}],"version-history":[{"count":2,"href":"https:\/\/emsaquimica.com\/pt-pt\/wp-json\/wp\/v2\/posts\/10373\/revisions"}],"predecessor-version":[{"id":10382,"href":"https:\/\/emsaquimica.com\/pt-pt\/wp-json\/wp\/v2\/posts\/10373\/revisions\/10382"}],"wp:featuredmedia":[{"embeddable":true,"href":"https:\/\/emsaquimica.com\/pt-pt\/wp-json\/wp\/v2\/media\/10359"}],"wp:attachment":[{"href":"https:\/\/emsaquimica.com\/pt-pt\/wp-json\/wp\/v2\/media?parent=10373"}],"wp:term":[{"taxonomy":"category","embeddable":true,"href":"https:\/\/emsaquimica.com\/pt-pt\/wp-json\/wp\/v2\/categories?post=10373"},{"taxonomy":"post_tag","embeddable":true,"href":"https:\/\/emsaquimica.com\/pt-pt\/wp-json\/wp\/v2\/tags?post=10373"}],"curies":[{"name":"wp","href":"https:\/\/api.w.org\/{rel}","templated":true}]}}