{"id":13163,"date":"2024-10-08T15:53:53","date_gmt":"2024-10-08T13:53:53","guid":{"rendered":"https:\/\/emsaquimica.com\/?p=13163"},"modified":"2026-01-22T15:17:29","modified_gmt":"2026-01-22T14:17:29","slug":"distribucion-prolicell-actv-biotechnology-cosmetica-sostenible","status":"publish","type":"post","link":"https:\/\/emsaquimica.com\/pt-pt\/2024\/10\/08\/distribucion-prolicell-actv-biotechnology-cosmetica-sostenible\/","title":{"rendered":"A EMSA distribuir\u00e1 a gama de produtos ProliCell\u00ae da ACTV Biotecnologia em Espanha"},"content":{"rendered":"<p><span data-contrast=\"auto\">Continuamos a nossa aposta na inova\u00e7\u00e3o, com a incorpora\u00e7\u00e3o desta nova empresa, acrescentamos ao nosso portf\u00f3lio uma linha pioneira de produtos cosm\u00e9ticos com tecnologia de c\u00e9lulas estaminais vegetais, concebida para transformar o cuidado da pele e marcar a diferen\u00e7a no sector.\u00a0<\/span><span data-ccp-props=\"{&quot;201341983&quot;:0,&quot;335559739&quot;:160,&quot;335559740&quot;:279}\">\u00a0<\/span><\/p>\n<p><span data-contrast=\"auto\">\u00a0<\/span><span data-ccp-props=\"{&quot;201341983&quot;:0,&quot;335559739&quot;:160,&quot;335559740&quot;:279}\">\u00a0<\/span><\/p>\n<p><span data-contrast=\"auto\">A empresa turca <\/span><a href=\"https:\/\/actvbiotech.com\/\" target=\"_blank\" rel=\"noopener\"><span data-contrast=\"none\">ACTV Biotechnology<\/span><\/a><span data-contrast=\"auto\"> \u00e9 l\u00edder mundial no desenvolvimento de activos cosm\u00e9ticos de alta qualidade, promovendo a sustentabilidade e o cuidado da pele atrav\u00e9s de investiga\u00e7\u00e3o e desenvolvimento amigos do ambiente.<\/span><span data-ccp-props=\"{&quot;201341983&quot;:0,&quot;335559739&quot;:160,&quot;335559740&quot;:279}\">\u00a0<\/span><\/p>\n<p><span data-ccp-props=\"{&quot;201341983&quot;:0,&quot;335559739&quot;:160,&quot;335559740&quot;:279}\">\u00a0<\/span><\/p>\n<h2><span data-contrast=\"auto\">Cosm\u00e9ticos sustent\u00e1veis e inovadores com ProliCell\u00ae<\/span><\/h2>\n<p><span data-ccp-props=\"{&quot;201341983&quot;:0,&quot;335559739&quot;:160,&quot;335559740&quot;:279}\">\u00a0<\/span><\/p>\n<p><span data-contrast=\"auto\">O sistema patenteado ProliCell\u00ae da ACTV Biotechnology integrou com sucesso c\u00e9lulas estaminais vegetais e exomas, promovendo uma regenera\u00e7\u00e3o celular eficaz e melhorada. Como resultado, os seus produtos naturais estabeleceram novos padr\u00f5es na ind\u00fastria cosm\u00e9tica, combinando biotecnologia avan\u00e7ada com sustentabilidade.<\/span><span data-ccp-props=\"{&quot;201341983&quot;:0,&quot;335559739&quot;:160,&quot;335559740&quot;:279}\">\u00a0<\/span><\/p>\n<p>&nbsp;<\/p>\n<h3><span style=\"color: #62b5e5;\">Quais s\u00e3o as vantagens dos produtos da ACTV Biotecnologia para o sector da cosm\u00e9tica?<\/span><\/h3>\n<p>&nbsp;<\/p>\n<ul>\n<li><strong>Elevada pot\u00eancia e regenera\u00e7\u00e3o:<\/strong> As c\u00e9lulas estaminais vegetais cont\u00eam antioxidantes, p\u00e9ptidos e factores de crescimento em concentra\u00e7\u00f5es elevadas, potenciando a repara\u00e7\u00e3o e regenera\u00e7\u00e3o celular.<\/li>\n<li><strong>Compatibilidade biol\u00f3gica:<\/strong> Os ingredientes naturais s\u00e3o altamente compat\u00edveis com a pele, reduzindo o risco de irrita\u00e7\u00e3o.<\/li>\n<li><strong>Sustentabilidade e \u00e9tica:<\/strong> A sua abordagem evita a utiliza\u00e7\u00e3o excessiva de plantas e recursos naturais, respeitando o ambiente.<\/li>\n<li><strong>Inova\u00e7\u00e3o tecnol\u00f3gica:<\/strong> ProliCell\u00ae maximiza a efic\u00e1cia dos produtos cosm\u00e9ticos atrav\u00e9s da utiliza\u00e7\u00e3o de exossomas e de pequenas mol\u00e9culas de ARN, melhorando a estabilidade e a penetra\u00e7\u00e3o dos ingredientes activos.<\/li>\n<\/ul>\n<p>&nbsp;<\/p>\n<p>O acordo com a ACTV Biotechnology \u00e9 mais um passo no compromisso da Emsa com a sustentabilidade e a distribui\u00e7\u00e3o de produtos qu\u00edmicos inovadores e de qualidade. Para ver a gama completa de produtos, aceda \u00e0 nossa <a href=\"https:\/\/emsaquimica.com\/pt-pt\/proveedores\/actv\/\">p\u00e1gina de fornecedores<\/a>.<\/p>\n<p>&nbsp;<\/p>\n<div class=\"elementor-element elementor-element-3ba0aff elementor-widget elementor-widget-heading\" data-id=\"3ba0aff\" data-element_type=\"widget\" data-widget_type=\"heading.default\">\n<div class=\"elementor-widget-container\">\n<p class=\"elementor-heading-title elementor-size-default\"><img decoding=\"async\" class=\"wp-image-15078 size-full alignleft\" src=\"https:\/\/emsaquimica.com\/wp-content\/uploads\/2022\/04\/Diseno-sin-titulo-28.png\" alt=\"Alberto Iglesias - Emsa Tecnolog\u00eda Qu\u00edmica\" width=\"116\" height=\"116\" \/><strong>Alberto Iglesias<\/strong><\/p>\n<\/div>\n<\/div>\n<div class=\"elementor-widget-container\">\n<p class=\"elementor-heading-title elementor-size-default\">GESTOR DE UNIDADE DE NEG\u00d3CIO: PERFORMANCE<\/p>\n<\/div>\n<div class=\"elementor-element elementor-element-69f4878 elementor-align-left elementor-icon-list--layout-traditional elementor-list-item-link-full_width elementor-widget elementor-widget-icon-list\" data-id=\"69f4878\" data-element_type=\"widget\" data-widget_type=\"icon-list.default\">\n<div class=\"elementor-widget-container\">\n<p><i class=\"fas fa-phone-alt\" aria-hidden=\"true\"><\/i><span class=\"elementor-icon-list-text\"> (+34) <span data-teams=\"true\">616 288 709<\/span><\/span><\/p>\n<p><i class=\"fas fa-envelope\" aria-hidden=\"true\"><\/i><a href=\"mailto:aiglesias@emsaquimica.com\"><span class=\"elementor-icon-list-text\"> aiglesias@emsaquimica.com<\/span><\/a><\/p>\n<\/div>\n<\/div>\n","protected":false},"excerpt":{"rendered":"<p>A EMSA vai distribuir em Espanha a inovadora linha ProliCell\u00ae da ACTV Biotechnology, baseada em c\u00e9lulas estaminais vegetais para uma cosm\u00e9tica mais sustent\u00e1vel.<\/p>\n","protected":false},"author":11,"featured_media":13347,"comment_status":"open","ping_status":"open","sticky":false,"template":"","format":"standard","meta":{"_acf_changed":false,"footnotes":""},"categories":[104,91,92,93,94],"tags":[],"class_list":["post-13163","post","type-post","status-publish","format-standard","has-post-thumbnail","hentry","category-general-pt-pt","category-performance-chemicals-pt-pt","category-productos-pt-pt","category-proveedores-pt-pt","category-representadas-pt-pt"],"acf":[],"yoast_head":"<!-- This site is optimized with the Yoast SEO plugin v27.5 - https:\/\/yoast.com\/product\/yoast-seo-wordpress\/ -->\n<title>A EMSA distribuir\u00e1 a gama de produtos ProliCell\u00ae da ACTV Biotecnologia em Espanha - Emsa<\/title>\n<meta name=\"description\" content=\"A EMSA Tecnolog\u00eda Qu\u00edmica vai distribuir em Espanha a linha ProliCell\u00ae da ACTV Biotechnology, que revoluciona a cosm\u00e9tica sustent\u00e1vel com a tecnologia das c\u00e9lulas estaminais vegetais. Saiba mais aqui!\" \/>\n<meta name=\"robots\" content=\"index, follow, max-snippet:-1, max-image-preview:large, max-video-preview:-1\" \/>\n<link rel=\"canonical\" href=\"https:\/\/emsaquimica.com\/pt-pt\/2024\/10\/08\/distribucion-prolicell-actv-biotechnology-cosmetica-sostenible\/\" \/>\n<meta property=\"og:locale\" content=\"pt_PT\" \/>\n<meta property=\"og:type\" content=\"article\" \/>\n<meta property=\"og:title\" content=\"A EMSA distribuir\u00e1 a gama de produtos ProliCell\u00ae da ACTV Biotecnologia em Espanha - Emsa\" \/>\n<meta property=\"og:description\" content=\"A EMSA Tecnolog\u00eda Qu\u00edmica vai distribuir em Espanha a linha ProliCell\u00ae da ACTV Biotechnology, que revoluciona a cosm\u00e9tica sustent\u00e1vel com a tecnologia das c\u00e9lulas estaminais vegetais. Saiba mais aqui!\" \/>\n<meta property=\"og:url\" content=\"https:\/\/emsaquimica.com\/pt-pt\/2024\/10\/08\/distribucion-prolicell-actv-biotechnology-cosmetica-sostenible\/\" \/>\n<meta property=\"og:site_name\" content=\"Emsa\" \/>\n<meta property=\"article:published_time\" content=\"2024-10-08T13:53:53+00:00\" \/>\n<meta property=\"article:modified_time\" content=\"2026-01-22T14:17:29+00:00\" \/>\n<meta property=\"og:image\" content=\"https:\/\/emsaquimica.com\/wp-content\/uploads\/2024\/10\/actv_logo-tq.png\" \/>\n\t<meta property=\"og:image:width\" content=\"1100\" \/>\n\t<meta property=\"og:image:height\" content=\"600\" \/>\n\t<meta property=\"og:image:type\" content=\"image\/png\" \/>\n<meta name=\"author\" content=\"Marc Castell\" \/>\n<meta name=\"twitter:card\" content=\"summary_large_image\" \/>\n<meta name=\"twitter:label1\" content=\"Escrito por\" \/>\n\t<meta name=\"twitter:data1\" content=\"Marc Castell\" \/>\n\t<meta name=\"twitter:label2\" content=\"Tempo estimado de leitura\" \/>\n\t<meta name=\"twitter:data2\" content=\"2 minutos\" \/>\n<script type=\"application\/ld+json\" class=\"yoast-schema-graph\">{\"@context\":\"https:\\\/\\\/schema.org\",\"@graph\":[{\"@type\":\"Article\",\"@id\":\"https:\\\/\\\/emsaquimica.com\\\/pt-pt\\\/2024\\\/10\\\/08\\\/distribucion-prolicell-actv-biotechnology-cosmetica-sostenible\\\/#article\",\"isPartOf\":{\"@id\":\"https:\\\/\\\/emsaquimica.com\\\/pt-pt\\\/2024\\\/10\\\/08\\\/distribucion-prolicell-actv-biotechnology-cosmetica-sostenible\\\/\"},\"author\":{\"name\":\"Marc Castell\",\"@id\":\"https:\\\/\\\/emsaquimica.com\\\/pt-pt\\\/#\\\/schema\\\/person\\\/5efc54570501cef4d13995085733129c\"},\"headline\":\"A EMSA distribuir\u00e1 a gama de produtos ProliCell\u00ae da ACTV Biotecnologia em Espanha\",\"datePublished\":\"2024-10-08T13:53:53+00:00\",\"dateModified\":\"2026-01-22T14:17:29+00:00\",\"mainEntityOfPage\":{\"@id\":\"https:\\\/\\\/emsaquimica.com\\\/pt-pt\\\/2024\\\/10\\\/08\\\/distribucion-prolicell-actv-biotechnology-cosmetica-sostenible\\\/\"},\"wordCount\":329,\"commentCount\":0,\"publisher\":{\"@id\":\"https:\\\/\\\/emsaquimica.com\\\/pt-pt\\\/#organization\"},\"image\":{\"@id\":\"https:\\\/\\\/emsaquimica.com\\\/pt-pt\\\/2024\\\/10\\\/08\\\/distribucion-prolicell-actv-biotechnology-cosmetica-sostenible\\\/#primaryimage\"},\"thumbnailUrl\":\"https:\\\/\\\/emsaquimica.com\\\/wp-content\\\/uploads\\\/2024\\\/10\\\/actv_logo-tq.png\",\"articleSection\":[\"GENERAL\",\"PERFORMANCE CHEMICALS\",\"PRODUCTOS\",\"PROVEEDORES\",\"REPRESENTADAS\"],\"inLanguage\":\"pt-PT\",\"potentialAction\":[{\"@type\":\"CommentAction\",\"name\":\"Comment\",\"target\":[\"https:\\\/\\\/emsaquimica.com\\\/pt-pt\\\/2024\\\/10\\\/08\\\/distribucion-prolicell-actv-biotechnology-cosmetica-sostenible\\\/#respond\"]}]},{\"@type\":\"WebPage\",\"@id\":\"https:\\\/\\\/emsaquimica.com\\\/pt-pt\\\/2024\\\/10\\\/08\\\/distribucion-prolicell-actv-biotechnology-cosmetica-sostenible\\\/\",\"url\":\"https:\\\/\\\/emsaquimica.com\\\/pt-pt\\\/2024\\\/10\\\/08\\\/distribucion-prolicell-actv-biotechnology-cosmetica-sostenible\\\/\",\"name\":\"A EMSA distribuir\u00e1 a gama de produtos ProliCell\u00ae da ACTV Biotecnologia em Espanha - Emsa\",\"isPartOf\":{\"@id\":\"https:\\\/\\\/emsaquimica.com\\\/pt-pt\\\/#website\"},\"primaryImageOfPage\":{\"@id\":\"https:\\\/\\\/emsaquimica.com\\\/pt-pt\\\/2024\\\/10\\\/08\\\/distribucion-prolicell-actv-biotechnology-cosmetica-sostenible\\\/#primaryimage\"},\"image\":{\"@id\":\"https:\\\/\\\/emsaquimica.com\\\/pt-pt\\\/2024\\\/10\\\/08\\\/distribucion-prolicell-actv-biotechnology-cosmetica-sostenible\\\/#primaryimage\"},\"thumbnailUrl\":\"https:\\\/\\\/emsaquimica.com\\\/wp-content\\\/uploads\\\/2024\\\/10\\\/actv_logo-tq.png\",\"datePublished\":\"2024-10-08T13:53:53+00:00\",\"dateModified\":\"2026-01-22T14:17:29+00:00\",\"description\":\"A EMSA Tecnolog\u00eda Qu\u00edmica vai distribuir em Espanha a linha ProliCell\u00ae da ACTV Biotechnology, que revoluciona a cosm\u00e9tica sustent\u00e1vel com a tecnologia das c\u00e9lulas estaminais vegetais. Saiba mais aqui!\",\"breadcrumb\":{\"@id\":\"https:\\\/\\\/emsaquimica.com\\\/pt-pt\\\/2024\\\/10\\\/08\\\/distribucion-prolicell-actv-biotechnology-cosmetica-sostenible\\\/#breadcrumb\"},\"inLanguage\":\"pt-PT\",\"potentialAction\":[{\"@type\":\"ReadAction\",\"target\":[\"https:\\\/\\\/emsaquimica.com\\\/pt-pt\\\/2024\\\/10\\\/08\\\/distribucion-prolicell-actv-biotechnology-cosmetica-sostenible\\\/\"]}]},{\"@type\":\"ImageObject\",\"inLanguage\":\"pt-PT\",\"@id\":\"https:\\\/\\\/emsaquimica.com\\\/pt-pt\\\/2024\\\/10\\\/08\\\/distribucion-prolicell-actv-biotechnology-cosmetica-sostenible\\\/#primaryimage\",\"url\":\"https:\\\/\\\/emsaquimica.com\\\/wp-content\\\/uploads\\\/2024\\\/10\\\/actv_logo-tq.png\",\"contentUrl\":\"https:\\\/\\\/emsaquimica.com\\\/wp-content\\\/uploads\\\/2024\\\/10\\\/actv_logo-tq.png\",\"width\":1100,\"height\":600},{\"@type\":\"BreadcrumbList\",\"@id\":\"https:\\\/\\\/emsaquimica.com\\\/pt-pt\\\/2024\\\/10\\\/08\\\/distribucion-prolicell-actv-biotechnology-cosmetica-sostenible\\\/#breadcrumb\",\"itemListElement\":[{\"@type\":\"ListItem\",\"position\":1,\"name\":\"Portada\",\"item\":\"https:\\\/\\\/emsaquimica.com\\\/pt-pt\\\/\"},{\"@type\":\"ListItem\",\"position\":2,\"name\":\"A EMSA distribuir\u00e1 a gama de produtos ProliCell\u00ae da ACTV Biotecnologia em Espanha\"}]},{\"@type\":\"WebSite\",\"@id\":\"https:\\\/\\\/emsaquimica.com\\\/pt-pt\\\/#website\",\"url\":\"https:\\\/\\\/emsaquimica.com\\\/pt-pt\\\/\",\"name\":\"Emsa\",\"description\":\"Committed Chemistry\",\"publisher\":{\"@id\":\"https:\\\/\\\/emsaquimica.com\\\/pt-pt\\\/#organization\"},\"potentialAction\":[{\"@type\":\"SearchAction\",\"target\":{\"@type\":\"EntryPoint\",\"urlTemplate\":\"https:\\\/\\\/emsaquimica.com\\\/pt-pt\\\/?s={search_term_string}\"},\"query-input\":{\"@type\":\"PropertyValueSpecification\",\"valueRequired\":true,\"valueName\":\"search_term_string\"}}],\"inLanguage\":\"pt-PT\"},{\"@type\":\"Organization\",\"@id\":\"https:\\\/\\\/emsaquimica.com\\\/pt-pt\\\/#organization\",\"name\":\"Emsa\",\"url\":\"https:\\\/\\\/emsaquimica.com\\\/pt-pt\\\/\",\"logo\":{\"@type\":\"ImageObject\",\"inLanguage\":\"pt-PT\",\"@id\":\"https:\\\/\\\/emsaquimica.com\\\/pt-pt\\\/#\\\/schema\\\/logo\\\/image\\\/\",\"url\":\"https:\\\/\\\/emsaquimica.com\\\/wp-content\\\/uploads\\\/2021\\\/11\\\/Logo-Emsa.svg\",\"contentUrl\":\"https:\\\/\\\/emsaquimica.com\\\/wp-content\\\/uploads\\\/2021\\\/11\\\/Logo-Emsa.svg\",\"width\":200,\"height\":50,\"caption\":\"Emsa\"},\"image\":{\"@id\":\"https:\\\/\\\/emsaquimica.com\\\/pt-pt\\\/#\\\/schema\\\/logo\\\/image\\\/\"}},{\"@type\":\"Person\",\"@id\":\"https:\\\/\\\/emsaquimica.com\\\/pt-pt\\\/#\\\/schema\\\/person\\\/5efc54570501cef4d13995085733129c\",\"name\":\"Marc Castell\",\"image\":{\"@type\":\"ImageObject\",\"inLanguage\":\"pt-PT\",\"@id\":\"https:\\\/\\\/secure.gravatar.com\\\/avatar\\\/c50180f69a8a1042ec953af36d7eecf5d85fa2ff7922a3b29ee8a4c5d72c4c60?s=96&d=mm&r=g\",\"url\":\"https:\\\/\\\/secure.gravatar.com\\\/avatar\\\/c50180f69a8a1042ec953af36d7eecf5d85fa2ff7922a3b29ee8a4c5d72c4c60?s=96&d=mm&r=g\",\"contentUrl\":\"https:\\\/\\\/secure.gravatar.com\\\/avatar\\\/c50180f69a8a1042ec953af36d7eecf5d85fa2ff7922a3b29ee8a4c5d72c4c60?s=96&d=mm&r=g\",\"caption\":\"Marc Castell\"},\"url\":\"https:\\\/\\\/emsaquimica.com\\\/pt-pt\\\/author\\\/mcastellemsaquimica-com\\\/\"}]}<\/script>\n<!-- \/ Yoast SEO plugin. -->","yoast_head_json":{"title":"A EMSA distribuir\u00e1 a gama de produtos ProliCell\u00ae da ACTV Biotecnologia em Espanha - Emsa","description":"A EMSA Tecnolog\u00eda Qu\u00edmica vai distribuir em Espanha a linha ProliCell\u00ae da ACTV Biotechnology, que revoluciona a cosm\u00e9tica sustent\u00e1vel com a tecnologia das c\u00e9lulas estaminais vegetais. Saiba mais aqui!","robots":{"index":"index","follow":"follow","max-snippet":"max-snippet:-1","max-image-preview":"max-image-preview:large","max-video-preview":"max-video-preview:-1"},"canonical":"https:\/\/emsaquimica.com\/pt-pt\/2024\/10\/08\/distribucion-prolicell-actv-biotechnology-cosmetica-sostenible\/","og_locale":"pt_PT","og_type":"article","og_title":"A EMSA distribuir\u00e1 a gama de produtos ProliCell\u00ae da ACTV Biotecnologia em Espanha - Emsa","og_description":"A EMSA Tecnolog\u00eda Qu\u00edmica vai distribuir em Espanha a linha ProliCell\u00ae da ACTV Biotechnology, que revoluciona a cosm\u00e9tica sustent\u00e1vel com a tecnologia das c\u00e9lulas estaminais vegetais. Saiba mais aqui!","og_url":"https:\/\/emsaquimica.com\/pt-pt\/2024\/10\/08\/distribucion-prolicell-actv-biotechnology-cosmetica-sostenible\/","og_site_name":"Emsa","article_published_time":"2024-10-08T13:53:53+00:00","article_modified_time":"2026-01-22T14:17:29+00:00","og_image":[{"width":1100,"height":600,"url":"https:\/\/emsaquimica.com\/wp-content\/uploads\/2024\/10\/actv_logo-tq.png","type":"image\/png"}],"author":"Marc Castell","twitter_card":"summary_large_image","twitter_misc":{"Escrito por":"Marc Castell","Tempo estimado de leitura":"2 minutos"},"schema":{"@context":"https:\/\/schema.org","@graph":[{"@type":"Article","@id":"https:\/\/emsaquimica.com\/pt-pt\/2024\/10\/08\/distribucion-prolicell-actv-biotechnology-cosmetica-sostenible\/#article","isPartOf":{"@id":"https:\/\/emsaquimica.com\/pt-pt\/2024\/10\/08\/distribucion-prolicell-actv-biotechnology-cosmetica-sostenible\/"},"author":{"name":"Marc Castell","@id":"https:\/\/emsaquimica.com\/pt-pt\/#\/schema\/person\/5efc54570501cef4d13995085733129c"},"headline":"A EMSA distribuir\u00e1 a gama de produtos ProliCell\u00ae da ACTV Biotecnologia em Espanha","datePublished":"2024-10-08T13:53:53+00:00","dateModified":"2026-01-22T14:17:29+00:00","mainEntityOfPage":{"@id":"https:\/\/emsaquimica.com\/pt-pt\/2024\/10\/08\/distribucion-prolicell-actv-biotechnology-cosmetica-sostenible\/"},"wordCount":329,"commentCount":0,"publisher":{"@id":"https:\/\/emsaquimica.com\/pt-pt\/#organization"},"image":{"@id":"https:\/\/emsaquimica.com\/pt-pt\/2024\/10\/08\/distribucion-prolicell-actv-biotechnology-cosmetica-sostenible\/#primaryimage"},"thumbnailUrl":"https:\/\/emsaquimica.com\/wp-content\/uploads\/2024\/10\/actv_logo-tq.png","articleSection":["GENERAL","PERFORMANCE CHEMICALS","PRODUCTOS","PROVEEDORES","REPRESENTADAS"],"inLanguage":"pt-PT","potentialAction":[{"@type":"CommentAction","name":"Comment","target":["https:\/\/emsaquimica.com\/pt-pt\/2024\/10\/08\/distribucion-prolicell-actv-biotechnology-cosmetica-sostenible\/#respond"]}]},{"@type":"WebPage","@id":"https:\/\/emsaquimica.com\/pt-pt\/2024\/10\/08\/distribucion-prolicell-actv-biotechnology-cosmetica-sostenible\/","url":"https:\/\/emsaquimica.com\/pt-pt\/2024\/10\/08\/distribucion-prolicell-actv-biotechnology-cosmetica-sostenible\/","name":"A EMSA distribuir\u00e1 a gama de produtos ProliCell\u00ae da ACTV Biotecnologia em Espanha - Emsa","isPartOf":{"@id":"https:\/\/emsaquimica.com\/pt-pt\/#website"},"primaryImageOfPage":{"@id":"https:\/\/emsaquimica.com\/pt-pt\/2024\/10\/08\/distribucion-prolicell-actv-biotechnology-cosmetica-sostenible\/#primaryimage"},"image":{"@id":"https:\/\/emsaquimica.com\/pt-pt\/2024\/10\/08\/distribucion-prolicell-actv-biotechnology-cosmetica-sostenible\/#primaryimage"},"thumbnailUrl":"https:\/\/emsaquimica.com\/wp-content\/uploads\/2024\/10\/actv_logo-tq.png","datePublished":"2024-10-08T13:53:53+00:00","dateModified":"2026-01-22T14:17:29+00:00","description":"A EMSA Tecnolog\u00eda Qu\u00edmica vai distribuir em Espanha a linha ProliCell\u00ae da ACTV Biotechnology, que revoluciona a cosm\u00e9tica sustent\u00e1vel com a tecnologia das c\u00e9lulas estaminais vegetais. Saiba mais aqui!","breadcrumb":{"@id":"https:\/\/emsaquimica.com\/pt-pt\/2024\/10\/08\/distribucion-prolicell-actv-biotechnology-cosmetica-sostenible\/#breadcrumb"},"inLanguage":"pt-PT","potentialAction":[{"@type":"ReadAction","target":["https:\/\/emsaquimica.com\/pt-pt\/2024\/10\/08\/distribucion-prolicell-actv-biotechnology-cosmetica-sostenible\/"]}]},{"@type":"ImageObject","inLanguage":"pt-PT","@id":"https:\/\/emsaquimica.com\/pt-pt\/2024\/10\/08\/distribucion-prolicell-actv-biotechnology-cosmetica-sostenible\/#primaryimage","url":"https:\/\/emsaquimica.com\/wp-content\/uploads\/2024\/10\/actv_logo-tq.png","contentUrl":"https:\/\/emsaquimica.com\/wp-content\/uploads\/2024\/10\/actv_logo-tq.png","width":1100,"height":600},{"@type":"BreadcrumbList","@id":"https:\/\/emsaquimica.com\/pt-pt\/2024\/10\/08\/distribucion-prolicell-actv-biotechnology-cosmetica-sostenible\/#breadcrumb","itemListElement":[{"@type":"ListItem","position":1,"name":"Portada","item":"https:\/\/emsaquimica.com\/pt-pt\/"},{"@type":"ListItem","position":2,"name":"A EMSA distribuir\u00e1 a gama de produtos ProliCell\u00ae da ACTV Biotecnologia em Espanha"}]},{"@type":"WebSite","@id":"https:\/\/emsaquimica.com\/pt-pt\/#website","url":"https:\/\/emsaquimica.com\/pt-pt\/","name":"Emsa","description":"Committed Chemistry","publisher":{"@id":"https:\/\/emsaquimica.com\/pt-pt\/#organization"},"potentialAction":[{"@type":"SearchAction","target":{"@type":"EntryPoint","urlTemplate":"https:\/\/emsaquimica.com\/pt-pt\/?s={search_term_string}"},"query-input":{"@type":"PropertyValueSpecification","valueRequired":true,"valueName":"search_term_string"}}],"inLanguage":"pt-PT"},{"@type":"Organization","@id":"https:\/\/emsaquimica.com\/pt-pt\/#organization","name":"Emsa","url":"https:\/\/emsaquimica.com\/pt-pt\/","logo":{"@type":"ImageObject","inLanguage":"pt-PT","@id":"https:\/\/emsaquimica.com\/pt-pt\/#\/schema\/logo\/image\/","url":"https:\/\/emsaquimica.com\/wp-content\/uploads\/2021\/11\/Logo-Emsa.svg","contentUrl":"https:\/\/emsaquimica.com\/wp-content\/uploads\/2021\/11\/Logo-Emsa.svg","width":200,"height":50,"caption":"Emsa"},"image":{"@id":"https:\/\/emsaquimica.com\/pt-pt\/#\/schema\/logo\/image\/"}},{"@type":"Person","@id":"https:\/\/emsaquimica.com\/pt-pt\/#\/schema\/person\/5efc54570501cef4d13995085733129c","name":"Marc Castell","image":{"@type":"ImageObject","inLanguage":"pt-PT","@id":"https:\/\/secure.gravatar.com\/avatar\/c50180f69a8a1042ec953af36d7eecf5d85fa2ff7922a3b29ee8a4c5d72c4c60?s=96&d=mm&r=g","url":"https:\/\/secure.gravatar.com\/avatar\/c50180f69a8a1042ec953af36d7eecf5d85fa2ff7922a3b29ee8a4c5d72c4c60?s=96&d=mm&r=g","contentUrl":"https:\/\/secure.gravatar.com\/avatar\/c50180f69a8a1042ec953af36d7eecf5d85fa2ff7922a3b29ee8a4c5d72c4c60?s=96&d=mm&r=g","caption":"Marc Castell"},"url":"https:\/\/emsaquimica.com\/pt-pt\/author\/mcastellemsaquimica-com\/"}]}},"_links":{"self":[{"href":"https:\/\/emsaquimica.com\/pt-pt\/wp-json\/wp\/v2\/posts\/13163","targetHints":{"allow":["GET"]}}],"collection":[{"href":"https:\/\/emsaquimica.com\/pt-pt\/wp-json\/wp\/v2\/posts"}],"about":[{"href":"https:\/\/emsaquimica.com\/pt-pt\/wp-json\/wp\/v2\/types\/post"}],"author":[{"embeddable":true,"href":"https:\/\/emsaquimica.com\/pt-pt\/wp-json\/wp\/v2\/users\/11"}],"replies":[{"embeddable":true,"href":"https:\/\/emsaquimica.com\/pt-pt\/wp-json\/wp\/v2\/comments?post=13163"}],"version-history":[{"count":7,"href":"https:\/\/emsaquimica.com\/pt-pt\/wp-json\/wp\/v2\/posts\/13163\/revisions"}],"predecessor-version":[{"id":15098,"href":"https:\/\/emsaquimica.com\/pt-pt\/wp-json\/wp\/v2\/posts\/13163\/revisions\/15098"}],"wp:featuredmedia":[{"embeddable":true,"href":"https:\/\/emsaquimica.com\/pt-pt\/wp-json\/wp\/v2\/media\/13347"}],"wp:attachment":[{"href":"https:\/\/emsaquimica.com\/pt-pt\/wp-json\/wp\/v2\/media?parent=13163"}],"wp:term":[{"taxonomy":"category","embeddable":true,"href":"https:\/\/emsaquimica.com\/pt-pt\/wp-json\/wp\/v2\/categories?post=13163"},{"taxonomy":"post_tag","embeddable":true,"href":"https:\/\/emsaquimica.com\/pt-pt\/wp-json\/wp\/v2\/tags?post=13163"}],"curies":[{"name":"wp","href":"https:\/\/api.w.org\/{rel}","templated":true}]}}