{"id":15302,"date":"2026-02-11T09:01:57","date_gmt":"2026-02-11T08:01:57","guid":{"rendered":"https:\/\/emsaquimica.com\/?p=15302"},"modified":"2026-02-11T09:04:34","modified_gmt":"2026-02-11T08:04:34","slug":"11-de-fevereiro-dia-internacional-das-mulheres-e-meninas-na-ciencia","status":"publish","type":"post","link":"https:\/\/emsaquimica.com\/pt-pt\/2026\/02\/11\/11-de-fevereiro-dia-internacional-das-mulheres-e-meninas-na-ciencia\/","title":{"rendered":"11 de fevereiro \u2013 Dia Internacional das Mulheres e Meninas na Ci\u00eancia"},"content":{"rendered":"<h3 data-start=\"202\" data-end=\"237\"><span style=\"color: #62b5e5;\"><strong data-start=\"205\" data-end=\"237\">Carta a uma futura cientista<\/strong><\/span><\/h3>\n<blockquote>\n<p data-start=\"239\" data-end=\"316\"><em>Talvez ainda n\u00e3o saibas, mas a tua curiosidade \u00e9 uma das tuas maiores for\u00e7as.<\/em><\/p>\n<p data-start=\"318\" data-end=\"453\"><em>Talvez hoje te fa\u00e7as muitas perguntas.<\/em><br data-start=\"356\" data-end=\"359\" \/><em>Talvez duvides de ti pr\u00f3pria.<\/em><br data-start=\"388\" data-end=\"391\" \/><em>Talvez ainda n\u00e3o tenhas a certeza se a ci\u00eancia \u00e9 \u201ca tua \u00e1rea\u201d.<\/em><\/p>\n<p data-start=\"455\" data-end=\"581\"><em>A ci\u00eancia come\u00e7a exatamente a\u00ed: na curiosidade, na vontade de compreender e em n\u00e3o te contentares com o que j\u00e1 est\u00e1 explicado.<\/em><\/p>\n<p data-start=\"583\" data-end=\"886\"><em>Estudar ci\u00eancias exige esfor\u00e7o, perseveran\u00e7a e muitas horas de aprendizagem. Nem sempre \u00e9 um caminho f\u00e1cil. Haver\u00e1 momentos de d\u00favida e desafios que colocar\u00e3o \u00e0 prova a tua determina\u00e7\u00e3o. Mas tamb\u00e9m haver\u00e1 descobertas, aprendizagem e a satisfa\u00e7\u00e3o de saber que o teu conhecimento pode ter um impacto real.<\/em><\/p>\n<p data-start=\"888\" data-end=\"1085\"><em>A ci\u00eancia ensinou-me a observar, a analisar e a tomar decis\u00f5es com crit\u00e9rio. Com o tempo, compreendi que o conhecimento t\u00e9cnico \u00e9 uma ferramenta muito poderosa quando aplicado com responsabilidade.<\/em><\/p>\n<p data-start=\"1087\" data-end=\"1212\"><em>A ci\u00eancia n\u00e3o \u00e9 apenas laborat\u00f3rios e f\u00f3rmulas.<\/em><br data-start=\"1134\" data-end=\"1137\" \/><em>\u00c9 pensamento cr\u00edtico, trabalho em equipa e vis\u00e3o.<\/em><br data-start=\"1186\" data-end=\"1189\" \/><em>E \u00e9 tamb\u00e9m compromisso.<\/em><\/p>\n<p data-start=\"1214\" data-end=\"1469\"><em>Se escolheres este caminho, procura ambientes que cuidem da tua curiosidade, respeitem o teu esfor\u00e7o e te permitam crescer com rigor. A ci\u00eancia e a ind\u00fastria precisam de talento bem preparado e de pessoas comprometidas em fazer as coisas da forma correta.<\/em><\/p>\n<p data-start=\"1471\" data-end=\"1588\"><em>Porque cada menina que hoje se atreve a sonhar com a ci\u00eancia pode tornar-se amanh\u00e3 a mulher que impulsiona a mudan\u00e7a.<\/em><\/p>\n<p data-start=\"1590\" data-end=\"1641\"><em><strong data-start=\"1590\" data-end=\"1609\">Patricia Elvira<\/strong><\/em><br data-start=\"1609\" data-end=\"1612\" \/><em>CEO \u2013 EMSA Tecnolog\u00eda Qu\u00edmica<\/em><\/p>\n<\/blockquote>\n","protected":false},"excerpt":{"rendered":"<p>Uma carta de Patricia Elvira para inspirar meninas a seguir a ci\u00eancia com curiosidade, perseveran\u00e7a e impacto real.<\/p>\n","protected":false},"author":12,"featured_media":15336,"comment_status":"open","ping_status":"open","sticky":false,"template":"","format":"standard","meta":{"_acf_changed":false,"footnotes":""},"categories":[104],"tags":[],"class_list":["post-15302","post","type-post","status-publish","format-standard","has-post-thumbnail","hentry","category-general-pt-pt"],"acf":[],"yoast_head":"<!-- This site is optimized with the Yoast SEO plugin v27.5 - https:\/\/yoast.com\/product\/yoast-seo-wordpress\/ -->\n<title>11 de fevereiro \u2013 Dia Internacional das Mulheres e Meninas na Ci\u00eancia - Emsa<\/title>\n<meta name=\"description\" content=\"Uma carta de Patricia Elvira, CEO da Emsa Tecnolog\u00eda Qu\u00edmica, para inspirar meninas a seguir a ci\u00eancia com curiosidade e compromisso.\" \/>\n<meta name=\"robots\" content=\"index, follow, max-snippet:-1, max-image-preview:large, max-video-preview:-1\" \/>\n<link rel=\"canonical\" href=\"https:\/\/emsaquimica.com\/pt-pt\/2026\/02\/11\/11-de-fevereiro-dia-internacional-das-mulheres-e-meninas-na-ciencia\/\" \/>\n<meta property=\"og:locale\" content=\"pt_PT\" \/>\n<meta property=\"og:type\" content=\"article\" \/>\n<meta property=\"og:title\" content=\"11 de fevereiro \u2013 Dia Internacional das Mulheres e Meninas na Ci\u00eancia - Emsa\" \/>\n<meta property=\"og:description\" content=\"Uma carta de Patricia Elvira, CEO da Emsa Tecnolog\u00eda Qu\u00edmica, para inspirar meninas a seguir a ci\u00eancia com curiosidade e compromisso.\" \/>\n<meta property=\"og:url\" content=\"https:\/\/emsaquimica.com\/pt-pt\/2026\/02\/11\/11-de-fevereiro-dia-internacional-das-mulheres-e-meninas-na-ciencia\/\" \/>\n<meta property=\"og:site_name\" content=\"Emsa\" \/>\n<meta property=\"article:published_time\" content=\"2026-02-11T08:01:57+00:00\" \/>\n<meta property=\"article:modified_time\" content=\"2026-02-11T08:04:34+00:00\" \/>\n<meta property=\"og:image\" content=\"https:\/\/emsaquimica.com\/wp-content\/uploads\/2026\/02\/4.png\" \/>\n\t<meta property=\"og:image:width\" content=\"1600\" \/>\n\t<meta property=\"og:image:height\" content=\"1100\" \/>\n\t<meta property=\"og:image:type\" content=\"image\/png\" \/>\n<meta name=\"author\" content=\"Marina Gimenez\" \/>\n<meta name=\"twitter:card\" content=\"summary_large_image\" \/>\n<meta name=\"twitter:label1\" content=\"Escrito por\" \/>\n\t<meta name=\"twitter:data1\" content=\"Marina Gimenez\" \/>\n\t<meta name=\"twitter:label2\" content=\"Tempo estimado de leitura\" \/>\n\t<meta name=\"twitter:data2\" content=\"1 minuto\" \/>\n<script type=\"application\/ld+json\" class=\"yoast-schema-graph\">{\"@context\":\"https:\\\/\\\/schema.org\",\"@graph\":[{\"@type\":\"Article\",\"@id\":\"https:\\\/\\\/emsaquimica.com\\\/pt-pt\\\/2026\\\/02\\\/11\\\/11-de-fevereiro-dia-internacional-das-mulheres-e-meninas-na-ciencia\\\/#article\",\"isPartOf\":{\"@id\":\"https:\\\/\\\/emsaquimica.com\\\/pt-pt\\\/2026\\\/02\\\/11\\\/11-de-fevereiro-dia-internacional-das-mulheres-e-meninas-na-ciencia\\\/\"},\"author\":{\"name\":\"Marina Gimenez\",\"@id\":\"https:\\\/\\\/emsaquimica.com\\\/pt-pt\\\/#\\\/schema\\\/person\\\/427369c3666537b67fa259fbe589383e\"},\"headline\":\"11 de fevereiro \u2013 Dia Internacional das Mulheres e Meninas na Ci\u00eancia\",\"datePublished\":\"2026-02-11T08:01:57+00:00\",\"dateModified\":\"2026-02-11T08:04:34+00:00\",\"mainEntityOfPage\":{\"@id\":\"https:\\\/\\\/emsaquimica.com\\\/pt-pt\\\/2026\\\/02\\\/11\\\/11-de-fevereiro-dia-internacional-das-mulheres-e-meninas-na-ciencia\\\/\"},\"wordCount\":271,\"commentCount\":0,\"publisher\":{\"@id\":\"https:\\\/\\\/emsaquimica.com\\\/pt-pt\\\/#organization\"},\"image\":{\"@id\":\"https:\\\/\\\/emsaquimica.com\\\/pt-pt\\\/2026\\\/02\\\/11\\\/11-de-fevereiro-dia-internacional-das-mulheres-e-meninas-na-ciencia\\\/#primaryimage\"},\"thumbnailUrl\":\"https:\\\/\\\/emsaquimica.com\\\/wp-content\\\/uploads\\\/2026\\\/02\\\/4.png\",\"articleSection\":[\"GENERAL\"],\"inLanguage\":\"pt-PT\",\"potentialAction\":[{\"@type\":\"CommentAction\",\"name\":\"Comment\",\"target\":[\"https:\\\/\\\/emsaquimica.com\\\/pt-pt\\\/2026\\\/02\\\/11\\\/11-de-fevereiro-dia-internacional-das-mulheres-e-meninas-na-ciencia\\\/#respond\"]}]},{\"@type\":\"WebPage\",\"@id\":\"https:\\\/\\\/emsaquimica.com\\\/pt-pt\\\/2026\\\/02\\\/11\\\/11-de-fevereiro-dia-internacional-das-mulheres-e-meninas-na-ciencia\\\/\",\"url\":\"https:\\\/\\\/emsaquimica.com\\\/pt-pt\\\/2026\\\/02\\\/11\\\/11-de-fevereiro-dia-internacional-das-mulheres-e-meninas-na-ciencia\\\/\",\"name\":\"11 de fevereiro \u2013 Dia Internacional das Mulheres e Meninas na Ci\u00eancia - Emsa\",\"isPartOf\":{\"@id\":\"https:\\\/\\\/emsaquimica.com\\\/pt-pt\\\/#website\"},\"primaryImageOfPage\":{\"@id\":\"https:\\\/\\\/emsaquimica.com\\\/pt-pt\\\/2026\\\/02\\\/11\\\/11-de-fevereiro-dia-internacional-das-mulheres-e-meninas-na-ciencia\\\/#primaryimage\"},\"image\":{\"@id\":\"https:\\\/\\\/emsaquimica.com\\\/pt-pt\\\/2026\\\/02\\\/11\\\/11-de-fevereiro-dia-internacional-das-mulheres-e-meninas-na-ciencia\\\/#primaryimage\"},\"thumbnailUrl\":\"https:\\\/\\\/emsaquimica.com\\\/wp-content\\\/uploads\\\/2026\\\/02\\\/4.png\",\"datePublished\":\"2026-02-11T08:01:57+00:00\",\"dateModified\":\"2026-02-11T08:04:34+00:00\",\"description\":\"Uma carta de Patricia Elvira, CEO da Emsa Tecnolog\u00eda Qu\u00edmica, para inspirar meninas a seguir a ci\u00eancia com curiosidade e compromisso.\",\"breadcrumb\":{\"@id\":\"https:\\\/\\\/emsaquimica.com\\\/pt-pt\\\/2026\\\/02\\\/11\\\/11-de-fevereiro-dia-internacional-das-mulheres-e-meninas-na-ciencia\\\/#breadcrumb\"},\"inLanguage\":\"pt-PT\",\"potentialAction\":[{\"@type\":\"ReadAction\",\"target\":[\"https:\\\/\\\/emsaquimica.com\\\/pt-pt\\\/2026\\\/02\\\/11\\\/11-de-fevereiro-dia-internacional-das-mulheres-e-meninas-na-ciencia\\\/\"]}]},{\"@type\":\"ImageObject\",\"inLanguage\":\"pt-PT\",\"@id\":\"https:\\\/\\\/emsaquimica.com\\\/pt-pt\\\/2026\\\/02\\\/11\\\/11-de-fevereiro-dia-internacional-das-mulheres-e-meninas-na-ciencia\\\/#primaryimage\",\"url\":\"https:\\\/\\\/emsaquimica.com\\\/wp-content\\\/uploads\\\/2026\\\/02\\\/4.png\",\"contentUrl\":\"https:\\\/\\\/emsaquimica.com\\\/wp-content\\\/uploads\\\/2026\\\/02\\\/4.png\",\"width\":1600,\"height\":1100},{\"@type\":\"BreadcrumbList\",\"@id\":\"https:\\\/\\\/emsaquimica.com\\\/pt-pt\\\/2026\\\/02\\\/11\\\/11-de-fevereiro-dia-internacional-das-mulheres-e-meninas-na-ciencia\\\/#breadcrumb\",\"itemListElement\":[{\"@type\":\"ListItem\",\"position\":1,\"name\":\"Portada\",\"item\":\"https:\\\/\\\/emsaquimica.com\\\/pt-pt\\\/\"},{\"@type\":\"ListItem\",\"position\":2,\"name\":\"11 de fevereiro \u2013 Dia Internacional das Mulheres e Meninas na Ci\u00eancia\"}]},{\"@type\":\"WebSite\",\"@id\":\"https:\\\/\\\/emsaquimica.com\\\/pt-pt\\\/#website\",\"url\":\"https:\\\/\\\/emsaquimica.com\\\/pt-pt\\\/\",\"name\":\"Emsa\",\"description\":\"Committed Chemistry\",\"publisher\":{\"@id\":\"https:\\\/\\\/emsaquimica.com\\\/pt-pt\\\/#organization\"},\"potentialAction\":[{\"@type\":\"SearchAction\",\"target\":{\"@type\":\"EntryPoint\",\"urlTemplate\":\"https:\\\/\\\/emsaquimica.com\\\/pt-pt\\\/?s={search_term_string}\"},\"query-input\":{\"@type\":\"PropertyValueSpecification\",\"valueRequired\":true,\"valueName\":\"search_term_string\"}}],\"inLanguage\":\"pt-PT\"},{\"@type\":\"Organization\",\"@id\":\"https:\\\/\\\/emsaquimica.com\\\/pt-pt\\\/#organization\",\"name\":\"Emsa\",\"url\":\"https:\\\/\\\/emsaquimica.com\\\/pt-pt\\\/\",\"logo\":{\"@type\":\"ImageObject\",\"inLanguage\":\"pt-PT\",\"@id\":\"https:\\\/\\\/emsaquimica.com\\\/pt-pt\\\/#\\\/schema\\\/logo\\\/image\\\/\",\"url\":\"https:\\\/\\\/emsaquimica.com\\\/wp-content\\\/uploads\\\/2021\\\/11\\\/Logo-Emsa.svg\",\"contentUrl\":\"https:\\\/\\\/emsaquimica.com\\\/wp-content\\\/uploads\\\/2021\\\/11\\\/Logo-Emsa.svg\",\"width\":200,\"height\":50,\"caption\":\"Emsa\"},\"image\":{\"@id\":\"https:\\\/\\\/emsaquimica.com\\\/pt-pt\\\/#\\\/schema\\\/logo\\\/image\\\/\"}},{\"@type\":\"Person\",\"@id\":\"https:\\\/\\\/emsaquimica.com\\\/pt-pt\\\/#\\\/schema\\\/person\\\/427369c3666537b67fa259fbe589383e\",\"name\":\"Marina Gimenez\",\"image\":{\"@type\":\"ImageObject\",\"inLanguage\":\"pt-PT\",\"@id\":\"https:\\\/\\\/secure.gravatar.com\\\/avatar\\\/7365793a639fec663494da5659c4827908ce37ec91282bd0a3e1d40c78193cd3?s=96&d=mm&r=g\",\"url\":\"https:\\\/\\\/secure.gravatar.com\\\/avatar\\\/7365793a639fec663494da5659c4827908ce37ec91282bd0a3e1d40c78193cd3?s=96&d=mm&r=g\",\"contentUrl\":\"https:\\\/\\\/secure.gravatar.com\\\/avatar\\\/7365793a639fec663494da5659c4827908ce37ec91282bd0a3e1d40c78193cd3?s=96&d=mm&r=g\",\"caption\":\"Marina Gimenez\"},\"url\":\"https:\\\/\\\/emsaquimica.com\\\/pt-pt\\\/author\\\/mgimenezemsaquimica-com\\\/\"}]}<\/script>\n<!-- \/ Yoast SEO plugin. -->","yoast_head_json":{"title":"11 de fevereiro \u2013 Dia Internacional das Mulheres e Meninas na Ci\u00eancia - Emsa","description":"Uma carta de Patricia Elvira, CEO da Emsa Tecnolog\u00eda Qu\u00edmica, para inspirar meninas a seguir a ci\u00eancia com curiosidade e compromisso.","robots":{"index":"index","follow":"follow","max-snippet":"max-snippet:-1","max-image-preview":"max-image-preview:large","max-video-preview":"max-video-preview:-1"},"canonical":"https:\/\/emsaquimica.com\/pt-pt\/2026\/02\/11\/11-de-fevereiro-dia-internacional-das-mulheres-e-meninas-na-ciencia\/","og_locale":"pt_PT","og_type":"article","og_title":"11 de fevereiro \u2013 Dia Internacional das Mulheres e Meninas na Ci\u00eancia - Emsa","og_description":"Uma carta de Patricia Elvira, CEO da Emsa Tecnolog\u00eda Qu\u00edmica, para inspirar meninas a seguir a ci\u00eancia com curiosidade e compromisso.","og_url":"https:\/\/emsaquimica.com\/pt-pt\/2026\/02\/11\/11-de-fevereiro-dia-internacional-das-mulheres-e-meninas-na-ciencia\/","og_site_name":"Emsa","article_published_time":"2026-02-11T08:01:57+00:00","article_modified_time":"2026-02-11T08:04:34+00:00","og_image":[{"width":1600,"height":1100,"url":"https:\/\/emsaquimica.com\/wp-content\/uploads\/2026\/02\/4.png","type":"image\/png"}],"author":"Marina Gimenez","twitter_card":"summary_large_image","twitter_misc":{"Escrito por":"Marina Gimenez","Tempo estimado de leitura":"1 minuto"},"schema":{"@context":"https:\/\/schema.org","@graph":[{"@type":"Article","@id":"https:\/\/emsaquimica.com\/pt-pt\/2026\/02\/11\/11-de-fevereiro-dia-internacional-das-mulheres-e-meninas-na-ciencia\/#article","isPartOf":{"@id":"https:\/\/emsaquimica.com\/pt-pt\/2026\/02\/11\/11-de-fevereiro-dia-internacional-das-mulheres-e-meninas-na-ciencia\/"},"author":{"name":"Marina Gimenez","@id":"https:\/\/emsaquimica.com\/pt-pt\/#\/schema\/person\/427369c3666537b67fa259fbe589383e"},"headline":"11 de fevereiro \u2013 Dia Internacional das Mulheres e Meninas na Ci\u00eancia","datePublished":"2026-02-11T08:01:57+00:00","dateModified":"2026-02-11T08:04:34+00:00","mainEntityOfPage":{"@id":"https:\/\/emsaquimica.com\/pt-pt\/2026\/02\/11\/11-de-fevereiro-dia-internacional-das-mulheres-e-meninas-na-ciencia\/"},"wordCount":271,"commentCount":0,"publisher":{"@id":"https:\/\/emsaquimica.com\/pt-pt\/#organization"},"image":{"@id":"https:\/\/emsaquimica.com\/pt-pt\/2026\/02\/11\/11-de-fevereiro-dia-internacional-das-mulheres-e-meninas-na-ciencia\/#primaryimage"},"thumbnailUrl":"https:\/\/emsaquimica.com\/wp-content\/uploads\/2026\/02\/4.png","articleSection":["GENERAL"],"inLanguage":"pt-PT","potentialAction":[{"@type":"CommentAction","name":"Comment","target":["https:\/\/emsaquimica.com\/pt-pt\/2026\/02\/11\/11-de-fevereiro-dia-internacional-das-mulheres-e-meninas-na-ciencia\/#respond"]}]},{"@type":"WebPage","@id":"https:\/\/emsaquimica.com\/pt-pt\/2026\/02\/11\/11-de-fevereiro-dia-internacional-das-mulheres-e-meninas-na-ciencia\/","url":"https:\/\/emsaquimica.com\/pt-pt\/2026\/02\/11\/11-de-fevereiro-dia-internacional-das-mulheres-e-meninas-na-ciencia\/","name":"11 de fevereiro \u2013 Dia Internacional das Mulheres e Meninas na Ci\u00eancia - Emsa","isPartOf":{"@id":"https:\/\/emsaquimica.com\/pt-pt\/#website"},"primaryImageOfPage":{"@id":"https:\/\/emsaquimica.com\/pt-pt\/2026\/02\/11\/11-de-fevereiro-dia-internacional-das-mulheres-e-meninas-na-ciencia\/#primaryimage"},"image":{"@id":"https:\/\/emsaquimica.com\/pt-pt\/2026\/02\/11\/11-de-fevereiro-dia-internacional-das-mulheres-e-meninas-na-ciencia\/#primaryimage"},"thumbnailUrl":"https:\/\/emsaquimica.com\/wp-content\/uploads\/2026\/02\/4.png","datePublished":"2026-02-11T08:01:57+00:00","dateModified":"2026-02-11T08:04:34+00:00","description":"Uma carta de Patricia Elvira, CEO da Emsa Tecnolog\u00eda Qu\u00edmica, para inspirar meninas a seguir a ci\u00eancia com curiosidade e compromisso.","breadcrumb":{"@id":"https:\/\/emsaquimica.com\/pt-pt\/2026\/02\/11\/11-de-fevereiro-dia-internacional-das-mulheres-e-meninas-na-ciencia\/#breadcrumb"},"inLanguage":"pt-PT","potentialAction":[{"@type":"ReadAction","target":["https:\/\/emsaquimica.com\/pt-pt\/2026\/02\/11\/11-de-fevereiro-dia-internacional-das-mulheres-e-meninas-na-ciencia\/"]}]},{"@type":"ImageObject","inLanguage":"pt-PT","@id":"https:\/\/emsaquimica.com\/pt-pt\/2026\/02\/11\/11-de-fevereiro-dia-internacional-das-mulheres-e-meninas-na-ciencia\/#primaryimage","url":"https:\/\/emsaquimica.com\/wp-content\/uploads\/2026\/02\/4.png","contentUrl":"https:\/\/emsaquimica.com\/wp-content\/uploads\/2026\/02\/4.png","width":1600,"height":1100},{"@type":"BreadcrumbList","@id":"https:\/\/emsaquimica.com\/pt-pt\/2026\/02\/11\/11-de-fevereiro-dia-internacional-das-mulheres-e-meninas-na-ciencia\/#breadcrumb","itemListElement":[{"@type":"ListItem","position":1,"name":"Portada","item":"https:\/\/emsaquimica.com\/pt-pt\/"},{"@type":"ListItem","position":2,"name":"11 de fevereiro \u2013 Dia Internacional das Mulheres e Meninas na Ci\u00eancia"}]},{"@type":"WebSite","@id":"https:\/\/emsaquimica.com\/pt-pt\/#website","url":"https:\/\/emsaquimica.com\/pt-pt\/","name":"Emsa","description":"Committed Chemistry","publisher":{"@id":"https:\/\/emsaquimica.com\/pt-pt\/#organization"},"potentialAction":[{"@type":"SearchAction","target":{"@type":"EntryPoint","urlTemplate":"https:\/\/emsaquimica.com\/pt-pt\/?s={search_term_string}"},"query-input":{"@type":"PropertyValueSpecification","valueRequired":true,"valueName":"search_term_string"}}],"inLanguage":"pt-PT"},{"@type":"Organization","@id":"https:\/\/emsaquimica.com\/pt-pt\/#organization","name":"Emsa","url":"https:\/\/emsaquimica.com\/pt-pt\/","logo":{"@type":"ImageObject","inLanguage":"pt-PT","@id":"https:\/\/emsaquimica.com\/pt-pt\/#\/schema\/logo\/image\/","url":"https:\/\/emsaquimica.com\/wp-content\/uploads\/2021\/11\/Logo-Emsa.svg","contentUrl":"https:\/\/emsaquimica.com\/wp-content\/uploads\/2021\/11\/Logo-Emsa.svg","width":200,"height":50,"caption":"Emsa"},"image":{"@id":"https:\/\/emsaquimica.com\/pt-pt\/#\/schema\/logo\/image\/"}},{"@type":"Person","@id":"https:\/\/emsaquimica.com\/pt-pt\/#\/schema\/person\/427369c3666537b67fa259fbe589383e","name":"Marina Gimenez","image":{"@type":"ImageObject","inLanguage":"pt-PT","@id":"https:\/\/secure.gravatar.com\/avatar\/7365793a639fec663494da5659c4827908ce37ec91282bd0a3e1d40c78193cd3?s=96&d=mm&r=g","url":"https:\/\/secure.gravatar.com\/avatar\/7365793a639fec663494da5659c4827908ce37ec91282bd0a3e1d40c78193cd3?s=96&d=mm&r=g","contentUrl":"https:\/\/secure.gravatar.com\/avatar\/7365793a639fec663494da5659c4827908ce37ec91282bd0a3e1d40c78193cd3?s=96&d=mm&r=g","caption":"Marina Gimenez"},"url":"https:\/\/emsaquimica.com\/pt-pt\/author\/mgimenezemsaquimica-com\/"}]}},"_links":{"self":[{"href":"https:\/\/emsaquimica.com\/pt-pt\/wp-json\/wp\/v2\/posts\/15302","targetHints":{"allow":["GET"]}}],"collection":[{"href":"https:\/\/emsaquimica.com\/pt-pt\/wp-json\/wp\/v2\/posts"}],"about":[{"href":"https:\/\/emsaquimica.com\/pt-pt\/wp-json\/wp\/v2\/types\/post"}],"author":[{"embeddable":true,"href":"https:\/\/emsaquimica.com\/pt-pt\/wp-json\/wp\/v2\/users\/12"}],"replies":[{"embeddable":true,"href":"https:\/\/emsaquimica.com\/pt-pt\/wp-json\/wp\/v2\/comments?post=15302"}],"version-history":[{"count":1,"href":"https:\/\/emsaquimica.com\/pt-pt\/wp-json\/wp\/v2\/posts\/15302\/revisions"}],"predecessor-version":[{"id":15307,"href":"https:\/\/emsaquimica.com\/pt-pt\/wp-json\/wp\/v2\/posts\/15302\/revisions\/15307"}],"wp:featuredmedia":[{"embeddable":true,"href":"https:\/\/emsaquimica.com\/pt-pt\/wp-json\/wp\/v2\/media\/15336"}],"wp:attachment":[{"href":"https:\/\/emsaquimica.com\/pt-pt\/wp-json\/wp\/v2\/media?parent=15302"}],"wp:term":[{"taxonomy":"category","embeddable":true,"href":"https:\/\/emsaquimica.com\/pt-pt\/wp-json\/wp\/v2\/categories?post=15302"},{"taxonomy":"post_tag","embeddable":true,"href":"https:\/\/emsaquimica.com\/pt-pt\/wp-json\/wp\/v2\/tags?post=15302"}],"curies":[{"name":"wp","href":"https:\/\/api.w.org\/{rel}","templated":true}]}}