{"id":15398,"date":"2026-02-19T10:58:39","date_gmt":"2026-02-19T09:58:39","guid":{"rendered":"https:\/\/emsaquimica.com\/?p=15398"},"modified":"2026-02-19T12:25:59","modified_gmt":"2026-02-19T11:25:59","slug":"prolicell-a-evolucao-da-biotecnologia-vegetal-na-cosmetica","status":"publish","type":"post","link":"https:\/\/emsaquimica.com\/pt-pt\/2026\/02\/19\/prolicell-a-evolucao-da-biotecnologia-vegetal-na-cosmetica\/","title":{"rendered":"ProliCell\u00ae: a evolu\u00e7\u00e3o da biotecnologia vegetal na cosm\u00e9tica"},"content":{"rendered":"<div class=\"elementor-element elementor-element-3ba0aff elementor-widget elementor-widget-heading\" data-id=\"3ba0aff\" data-element_type=\"widget\" data-widget_type=\"heading.default\">\n<div class=\"elementor-widget-container\">\n<p data-start=\"0\" data-end=\"194\">Na cosm\u00e9tica avan\u00e7ada, a origem vegetal dos ativos j\u00e1 n\u00e3o \u00e9 suficiente. A verdadeira inova\u00e7\u00e3o est\u00e1 em como as c\u00e9lulas s\u00e3o cultivadas, como s\u00e3o ativadas e como s\u00e3o analisadas a n\u00edvel molecular.<\/p>\n<p data-start=\"196\" data-end=\"459\">A biotecnologia vegetal evoluiu para um modelo em que o controlo do processo e a caracteriza\u00e7\u00e3o cient\u00edfica fazem a diferen\u00e7a. Hoje, n\u00e3o se trata apenas de utilizar c\u00e9lulas vegetais, mas de compreender o que cont\u00eam e como influenciam a atividade celular da pele.<\/p>\n<p data-start=\"461\" data-end=\"792\" data-is-last-node=\"\" data-is-only-node=\"\">A nossa representada <a href=\"https:\/\/emsaquimica.com\/pt-pt\/proveedores\/actv\/\" target=\"_blank\" rel=\"noopener\">ACTV Biotechnology<\/a> desenvolveu a <strong>ProliCell\u00ae<\/strong>, uma tecnologia concebida para controlar e otimizar a atividade celular desde a sua origem, combinando <strong>cultivo celular vegetal<\/strong> e <strong>ativa\u00e7\u00e3o direcionada<\/strong> dentro de um sistema reprodut\u00edvel e baseado em dados, que transforma a biotecnologia vegetal em efic\u00e1cia mensur\u00e1vel.<\/p>\n<h4 data-start=\"0\" data-end=\"48\"><span style=\"text-decoration: underline; color: #62b5e5;\">Como se desenvolve a tecnologia ProliCell\u00ae<\/span><\/h4>\n<p data-start=\"50\" data-end=\"261\">A <strong>ProliCell\u00ae<\/strong> baseia-se em c\u00e9lulas vegetais cultivadas em laborat\u00f3rio sob condi\u00e7\u00f5es controladas. Isto permite manter uma <strong>qualidade constante<\/strong>, sem depender do clima, da sazonalidade ou da variabilidade agr\u00edcola.<\/p>\n<p data-start=\"263\" data-end=\"425\">Durante o processo, s\u00e3o aplicados compostos chamados <strong>elicitores<\/strong>, que reproduzem de forma controlada as situa\u00e7\u00f5es de stress que as plantas enfrentam na natureza.<\/p>\n<p data-start=\"427\" data-end=\"601\" data-is-last-node=\"\" data-is-only-node=\"\">Este est\u00edmulo ativa mecanismos internos da c\u00e9lula e favorece a produ\u00e7\u00e3o de mol\u00e9culas bioativas, especialmente <strong>small RNAs<\/strong>, que constituem o n\u00facleo diferenciador da tecnologia.<\/p>\n<h4 data-start=\"0\" data-end=\"56\"><span style=\"text-decoration: underline; color: #62b5e5;\">Small RNAs: o verdadeiro diferencial da ProliCell\u00ae<\/span><\/h4>\n<p data-start=\"58\" data-end=\"234\">O que realmente distingue a <a href=\"https:\/\/emsaquimica.com\/pt-pt\/2024\/10\/08\/distribucion-prolicell-actv-biotechnology-cosmetica-sostenible\/\">ProliCell\u00ae<\/a> \u00e9 a integra\u00e7\u00e3o e caracteriza\u00e7\u00e3o de small RNAs, pequenas mol\u00e9culas presentes nas ves\u00edculas extracelulares derivadas de c\u00e9lulas vegetais.<\/p>\n<p data-start=\"236\" data-end=\"449\">Os small RNAs s\u00e3o sinais biol\u00f3gicos que coordenam o comportamento das c\u00e9lulas. Aplicados \u00e0 cosm\u00e9tica, permitem atuar em processos-chave como a regenera\u00e7\u00e3o, a prote\u00e7\u00e3o antioxidante e o equil\u00edbrio natural da pele.<\/p>\n<p data-start=\"451\" data-end=\"746\">A <strong>ProliCell\u00ae<\/strong> garante uma quantidade m\u00ednima e mensur\u00e1vel de small RNAs (mais de 17 nanogramas por grama de produto), integrados em exossomas que funcionam como sistemas naturais de transporte e comunica\u00e7\u00e3o celular, facilitando que estes sinais biol\u00f3gicos cheguem de forma eficaz ao seu destino.<\/p>\n<p data-start=\"748\" data-end=\"983\" data-is-last-node=\"\" data-is-only-node=\"\">Estes componentes s\u00e3o quantificados e validados atrav\u00e9s de t\u00e9cnicas anal\u00edticas espec\u00edficas que permitem medi-los e confirmar a sua estrutura, proporcionando um n\u00edvel de caracteriza\u00e7\u00e3o pouco comum em ingredientes vegetais convencionais.<\/p>\n<h4 data-start=\"0\" data-end=\"39\"><span style=\"text-decoration: underline; color: #62b5e5;\">Exossomas: como atua a ProliCell\u00ae<\/span><\/h4>\n<p data-start=\"41\" data-end=\"241\">Os exossomas s\u00e3o nanoves\u00edculas biol\u00f3gicas que n\u00e3o apenas protegem e transportam mol\u00e9culas ativas, como tamb\u00e9m permitem a comunica\u00e7\u00e3o celular, otimizando a entrega e a efic\u00e1cia dos sinais biol\u00f3gicos.<\/p>\n<p data-start=\"243\" data-end=\"297\">A tecnologia<strong> ProliCell\u00ae<\/strong> combina dois n\u00edveis de a\u00e7\u00e3o:<\/p>\n<p data-start=\"299\" data-end=\"434\">\u2022 Ativos derivados de c\u00e9lulas vegetais cultivadas em laborat\u00f3rio.<br data-start=\"364\" data-end=\"367\" \/>\u2022 Exossomas que cont\u00eam small RNAs caracterizados e quantificados.<\/p>\n<p data-start=\"436\" data-end=\"565\" data-is-last-node=\"\" data-is-only-node=\"\">Esta combina\u00e7\u00e3o permite unir o potencial regenerador das c\u00e9lulas vegetais com a capacidade de modula\u00e7\u00e3o associada aos small RNAs.<\/p>\n<h4 data-start=\"0\" data-end=\"44\"><span style=\"text-decoration: underline; color: #62b5e5;\">ProliCell\u00ae: um modelo mais sustent\u00e1vel<\/span><\/h4>\n<p data-start=\"46\" data-end=\"425\">O modelo de cultivo celular vegetal reduz significativamente o consumo de recursos em compara\u00e7\u00e3o com os m\u00e9todos tradicionais de extra\u00e7\u00e3o de plantas. Desenvolvida em condi\u00e7\u00f5es controladas, a produ\u00e7\u00e3o n\u00e3o depende do clima nem da sazonalidade, requer menos terreno agr\u00edcola e otimiza o uso de \u00e1gua e energia, reduzindo tamb\u00e9m a pegada de carbono associada ao cultivo convencional.<\/p>\n<p data-start=\"427\" data-end=\"614\">Esta abordagem permite incorporar nas suas formula\u00e7\u00f5es ingredientes mais sustent\u00e1veis, produzidos sob um modelo padronizado, reprodut\u00edvel e com menor impacto sobre os recursos naturais.<\/p>\n<p data-start=\"616\" data-end=\"758\">Atualmente, a tecnologia ProliCell\u00ae est\u00e1 aplicada em 12 ativos cosm\u00e9ticos desenvolvidos pela <a href=\"https:\/\/actvbiotech.com\/\">ACTV Biotechnology<\/a>. Consulte estes ativos <a href=\"https:\/\/emsaquimica.com\/pt-pt\/proveedores\/actv\/\">aqui<\/a>.<\/p>\n<p data-start=\"760\" data-end=\"956\">Na Emsa Tecnolog\u00eda Qu\u00edmica, trabalhamos com a <a href=\"https:\/\/emsaquimica.com\/pt-pt\/proveedores\/actv\/\">ACTV<\/a> para aproximar do mercado tecnologias de biotecnologia vegetal baseadas no controlo de processo, caracteriza\u00e7\u00e3o real e diferencia\u00e7\u00e3o molecular.<\/p>\n<p data-start=\"760\" data-end=\"956\">\n<p data-start=\"958\" data-end=\"966\" data-is-last-node=\"\" data-is-only-node=\"\"><strong><span style=\"color: #62b5e5;\">Falamos?<\/span><\/strong><\/p>\n<p class=\"elementor-heading-title elementor-size-default\"><img decoding=\"async\" class=\"wp-image-15179 size-full alignleft\" src=\"https:\/\/emsaquimica.com\/wp-content\/uploads\/2026\/01\/WEB_116x116px.png\" alt=\"Carles Puig - Emsa Tecnolog\u00eda Qu\u00edmica\" width=\"116\" height=\"116\" \/><strong>Carles Puig<\/strong><\/p>\n<\/div>\n<\/div>\n<div class=\"elementor-widget-container\">\n<p class=\"elementor-heading-title elementor-size-default\">PRODUCT MANAGER: COSM\u00c9TICA<\/p>\n<\/div>\n<div class=\"elementor-element elementor-element-69f4878 elementor-align-left elementor-icon-list--layout-traditional elementor-list-item-link-full_width elementor-widget elementor-widget-icon-list\" data-id=\"69f4878\" data-element_type=\"widget\" data-widget_type=\"icon-list.default\">\n<div class=\"elementor-widget-container\">\n<p><i class=\"fas fa-phone-alt\" aria-hidden=\"true\"><\/i><span class=\"elementor-icon-list-text\">\u00a0(+34) <span data-teams=\"true\">638 348 843<\/span><\/span><\/p>\n<p><i class=\"fas fa-envelope\" aria-hidden=\"true\"><\/i><a href=\"cpuig@emsaquimica.com\"><span class=\"elementor-icon-list-text\">\u00a0cpuig@emsaquimica.com<\/span><\/a><\/p>\n<\/div>\n<\/div>\n","protected":false},"excerpt":{"rendered":"<p>ProliCell\u00ae integra cultivo celular vegetal, ativa\u00e7\u00e3o direcionada, exossomas e small RNAs quantificados para oferecer biotecnologia vegetal mensur\u00e1vel, sustent\u00e1vel e aplicada em 12 ativos cosm\u00e9ticos desenvolvidos pela ACTV Biotechnology\u00ae.<\/p>\n","protected":false},"author":12,"featured_media":15387,"comment_status":"open","ping_status":"open","sticky":false,"template":"","format":"standard","meta":{"_acf_changed":false,"footnotes":""},"categories":[104,91,92,94],"tags":[],"class_list":["post-15398","post","type-post","status-publish","format-standard","has-post-thumbnail","hentry","category-general-pt-pt","category-performance-chemicals-pt-pt","category-productos-pt-pt","category-representadas-pt-pt"],"acf":[],"yoast_head":"<!-- This site is optimized with the Yoast SEO plugin v27.5 - https:\/\/yoast.com\/product\/yoast-seo-wordpress\/ -->\n<title>ProliCell\u00ae: a evolu\u00e7\u00e3o da biotecnologia vegetal na cosm\u00e9tica - Emsa<\/title>\n<meta name=\"description\" content=\"Descubre ProliCell\u00ae, la tecnolog\u00eda de ACTV basada en cultivo celular vegetal, exosomas y small RNAs cuantificados para cosm\u00e9tica sostenible.\" \/>\n<meta name=\"robots\" content=\"index, follow, max-snippet:-1, max-image-preview:large, max-video-preview:-1\" \/>\n<link rel=\"canonical\" href=\"https:\/\/emsaquimica.com\/pt-pt\/2026\/02\/19\/prolicell-a-evolucao-da-biotecnologia-vegetal-na-cosmetica\/\" \/>\n<meta property=\"og:locale\" content=\"pt_PT\" \/>\n<meta property=\"og:type\" content=\"article\" \/>\n<meta property=\"og:title\" content=\"ProliCell\u00ae: a evolu\u00e7\u00e3o da biotecnologia vegetal na cosm\u00e9tica - Emsa\" \/>\n<meta property=\"og:description\" content=\"Descubre ProliCell\u00ae, la tecnolog\u00eda de ACTV basada en cultivo celular vegetal, exosomas y small RNAs cuantificados para cosm\u00e9tica sostenible.\" \/>\n<meta property=\"og:url\" content=\"https:\/\/emsaquimica.com\/pt-pt\/2026\/02\/19\/prolicell-a-evolucao-da-biotecnologia-vegetal-na-cosmetica\/\" \/>\n<meta property=\"og:site_name\" content=\"Emsa\" \/>\n<meta property=\"article:published_time\" content=\"2026-02-19T09:58:39+00:00\" \/>\n<meta property=\"article:modified_time\" content=\"2026-02-19T11:25:59+00:00\" \/>\n<meta property=\"og:image\" content=\"https:\/\/emsaquimica.com\/wp-content\/uploads\/2026\/02\/BLOG-portada.png\" \/>\n\t<meta property=\"og:image:width\" content=\"1600\" \/>\n\t<meta property=\"og:image:height\" content=\"1100\" \/>\n\t<meta property=\"og:image:type\" content=\"image\/png\" \/>\n<meta name=\"author\" content=\"Marina Gimenez\" \/>\n<meta name=\"twitter:card\" content=\"summary_large_image\" \/>\n<meta name=\"twitter:label1\" content=\"Escrito por\" \/>\n\t<meta name=\"twitter:data1\" content=\"Marina Gimenez\" \/>\n\t<meta name=\"twitter:label2\" content=\"Tempo estimado de leitura\" \/>\n\t<meta name=\"twitter:data2\" content=\"3 minutos\" \/>\n<script type=\"application\/ld+json\" class=\"yoast-schema-graph\">{\"@context\":\"https:\\\/\\\/schema.org\",\"@graph\":[{\"@type\":\"Article\",\"@id\":\"https:\\\/\\\/emsaquimica.com\\\/pt-pt\\\/2026\\\/02\\\/19\\\/prolicell-a-evolucao-da-biotecnologia-vegetal-na-cosmetica\\\/#article\",\"isPartOf\":{\"@id\":\"https:\\\/\\\/emsaquimica.com\\\/pt-pt\\\/2026\\\/02\\\/19\\\/prolicell-a-evolucao-da-biotecnologia-vegetal-na-cosmetica\\\/\"},\"author\":{\"name\":\"Marina Gimenez\",\"@id\":\"https:\\\/\\\/emsaquimica.com\\\/pt-pt\\\/#\\\/schema\\\/person\\\/427369c3666537b67fa259fbe589383e\"},\"headline\":\"ProliCell\u00ae: a evolu\u00e7\u00e3o da biotecnologia vegetal na cosm\u00e9tica\",\"datePublished\":\"2026-02-19T09:58:39+00:00\",\"dateModified\":\"2026-02-19T11:25:59+00:00\",\"mainEntityOfPage\":{\"@id\":\"https:\\\/\\\/emsaquimica.com\\\/pt-pt\\\/2026\\\/02\\\/19\\\/prolicell-a-evolucao-da-biotecnologia-vegetal-na-cosmetica\\\/\"},\"wordCount\":646,\"commentCount\":0,\"publisher\":{\"@id\":\"https:\\\/\\\/emsaquimica.com\\\/pt-pt\\\/#organization\"},\"image\":{\"@id\":\"https:\\\/\\\/emsaquimica.com\\\/pt-pt\\\/2026\\\/02\\\/19\\\/prolicell-a-evolucao-da-biotecnologia-vegetal-na-cosmetica\\\/#primaryimage\"},\"thumbnailUrl\":\"https:\\\/\\\/emsaquimica.com\\\/wp-content\\\/uploads\\\/2026\\\/02\\\/BLOG-portada.png\",\"articleSection\":[\"GENERAL\",\"PERFORMANCE CHEMICALS\",\"PRODUCTOS\",\"REPRESENTADAS\"],\"inLanguage\":\"pt-PT\",\"potentialAction\":[{\"@type\":\"CommentAction\",\"name\":\"Comment\",\"target\":[\"https:\\\/\\\/emsaquimica.com\\\/pt-pt\\\/2026\\\/02\\\/19\\\/prolicell-a-evolucao-da-biotecnologia-vegetal-na-cosmetica\\\/#respond\"]}]},{\"@type\":\"WebPage\",\"@id\":\"https:\\\/\\\/emsaquimica.com\\\/pt-pt\\\/2026\\\/02\\\/19\\\/prolicell-a-evolucao-da-biotecnologia-vegetal-na-cosmetica\\\/\",\"url\":\"https:\\\/\\\/emsaquimica.com\\\/pt-pt\\\/2026\\\/02\\\/19\\\/prolicell-a-evolucao-da-biotecnologia-vegetal-na-cosmetica\\\/\",\"name\":\"ProliCell\u00ae: a evolu\u00e7\u00e3o da biotecnologia vegetal na cosm\u00e9tica - Emsa\",\"isPartOf\":{\"@id\":\"https:\\\/\\\/emsaquimica.com\\\/pt-pt\\\/#website\"},\"primaryImageOfPage\":{\"@id\":\"https:\\\/\\\/emsaquimica.com\\\/pt-pt\\\/2026\\\/02\\\/19\\\/prolicell-a-evolucao-da-biotecnologia-vegetal-na-cosmetica\\\/#primaryimage\"},\"image\":{\"@id\":\"https:\\\/\\\/emsaquimica.com\\\/pt-pt\\\/2026\\\/02\\\/19\\\/prolicell-a-evolucao-da-biotecnologia-vegetal-na-cosmetica\\\/#primaryimage\"},\"thumbnailUrl\":\"https:\\\/\\\/emsaquimica.com\\\/wp-content\\\/uploads\\\/2026\\\/02\\\/BLOG-portada.png\",\"datePublished\":\"2026-02-19T09:58:39+00:00\",\"dateModified\":\"2026-02-19T11:25:59+00:00\",\"description\":\"Descubre ProliCell\u00ae, la tecnolog\u00eda de ACTV basada en cultivo celular vegetal, exosomas y small RNAs cuantificados para cosm\u00e9tica sostenible.\",\"breadcrumb\":{\"@id\":\"https:\\\/\\\/emsaquimica.com\\\/pt-pt\\\/2026\\\/02\\\/19\\\/prolicell-a-evolucao-da-biotecnologia-vegetal-na-cosmetica\\\/#breadcrumb\"},\"inLanguage\":\"pt-PT\",\"potentialAction\":[{\"@type\":\"ReadAction\",\"target\":[\"https:\\\/\\\/emsaquimica.com\\\/pt-pt\\\/2026\\\/02\\\/19\\\/prolicell-a-evolucao-da-biotecnologia-vegetal-na-cosmetica\\\/\"]}]},{\"@type\":\"ImageObject\",\"inLanguage\":\"pt-PT\",\"@id\":\"https:\\\/\\\/emsaquimica.com\\\/pt-pt\\\/2026\\\/02\\\/19\\\/prolicell-a-evolucao-da-biotecnologia-vegetal-na-cosmetica\\\/#primaryimage\",\"url\":\"https:\\\/\\\/emsaquimica.com\\\/wp-content\\\/uploads\\\/2026\\\/02\\\/BLOG-portada.png\",\"contentUrl\":\"https:\\\/\\\/emsaquimica.com\\\/wp-content\\\/uploads\\\/2026\\\/02\\\/BLOG-portada.png\",\"width\":1600,\"height\":1100,\"caption\":\"ProliCell\u00ae: la evoluci\u00f3n de la biotecnolog\u00eda vegetal en cosm\u00e9tica\"},{\"@type\":\"BreadcrumbList\",\"@id\":\"https:\\\/\\\/emsaquimica.com\\\/pt-pt\\\/2026\\\/02\\\/19\\\/prolicell-a-evolucao-da-biotecnologia-vegetal-na-cosmetica\\\/#breadcrumb\",\"itemListElement\":[{\"@type\":\"ListItem\",\"position\":1,\"name\":\"Portada\",\"item\":\"https:\\\/\\\/emsaquimica.com\\\/pt-pt\\\/\"},{\"@type\":\"ListItem\",\"position\":2,\"name\":\"ProliCell\u00ae: a evolu\u00e7\u00e3o da biotecnologia vegetal na cosm\u00e9tica\"}]},{\"@type\":\"WebSite\",\"@id\":\"https:\\\/\\\/emsaquimica.com\\\/pt-pt\\\/#website\",\"url\":\"https:\\\/\\\/emsaquimica.com\\\/pt-pt\\\/\",\"name\":\"Emsa\",\"description\":\"Committed Chemistry\",\"publisher\":{\"@id\":\"https:\\\/\\\/emsaquimica.com\\\/pt-pt\\\/#organization\"},\"potentialAction\":[{\"@type\":\"SearchAction\",\"target\":{\"@type\":\"EntryPoint\",\"urlTemplate\":\"https:\\\/\\\/emsaquimica.com\\\/pt-pt\\\/?s={search_term_string}\"},\"query-input\":{\"@type\":\"PropertyValueSpecification\",\"valueRequired\":true,\"valueName\":\"search_term_string\"}}],\"inLanguage\":\"pt-PT\"},{\"@type\":\"Organization\",\"@id\":\"https:\\\/\\\/emsaquimica.com\\\/pt-pt\\\/#organization\",\"name\":\"Emsa\",\"url\":\"https:\\\/\\\/emsaquimica.com\\\/pt-pt\\\/\",\"logo\":{\"@type\":\"ImageObject\",\"inLanguage\":\"pt-PT\",\"@id\":\"https:\\\/\\\/emsaquimica.com\\\/pt-pt\\\/#\\\/schema\\\/logo\\\/image\\\/\",\"url\":\"https:\\\/\\\/emsaquimica.com\\\/wp-content\\\/uploads\\\/2021\\\/11\\\/Logo-Emsa.svg\",\"contentUrl\":\"https:\\\/\\\/emsaquimica.com\\\/wp-content\\\/uploads\\\/2021\\\/11\\\/Logo-Emsa.svg\",\"width\":200,\"height\":50,\"caption\":\"Emsa\"},\"image\":{\"@id\":\"https:\\\/\\\/emsaquimica.com\\\/pt-pt\\\/#\\\/schema\\\/logo\\\/image\\\/\"}},{\"@type\":\"Person\",\"@id\":\"https:\\\/\\\/emsaquimica.com\\\/pt-pt\\\/#\\\/schema\\\/person\\\/427369c3666537b67fa259fbe589383e\",\"name\":\"Marina Gimenez\",\"image\":{\"@type\":\"ImageObject\",\"inLanguage\":\"pt-PT\",\"@id\":\"https:\\\/\\\/secure.gravatar.com\\\/avatar\\\/7365793a639fec663494da5659c4827908ce37ec91282bd0a3e1d40c78193cd3?s=96&d=mm&r=g\",\"url\":\"https:\\\/\\\/secure.gravatar.com\\\/avatar\\\/7365793a639fec663494da5659c4827908ce37ec91282bd0a3e1d40c78193cd3?s=96&d=mm&r=g\",\"contentUrl\":\"https:\\\/\\\/secure.gravatar.com\\\/avatar\\\/7365793a639fec663494da5659c4827908ce37ec91282bd0a3e1d40c78193cd3?s=96&d=mm&r=g\",\"caption\":\"Marina Gimenez\"},\"url\":\"https:\\\/\\\/emsaquimica.com\\\/pt-pt\\\/author\\\/mgimenezemsaquimica-com\\\/\"}]}<\/script>\n<!-- \/ Yoast SEO plugin. -->","yoast_head_json":{"title":"ProliCell\u00ae: a evolu\u00e7\u00e3o da biotecnologia vegetal na cosm\u00e9tica - Emsa","description":"Descubre ProliCell\u00ae, la tecnolog\u00eda de ACTV basada en cultivo celular vegetal, exosomas y small RNAs cuantificados para cosm\u00e9tica sostenible.","robots":{"index":"index","follow":"follow","max-snippet":"max-snippet:-1","max-image-preview":"max-image-preview:large","max-video-preview":"max-video-preview:-1"},"canonical":"https:\/\/emsaquimica.com\/pt-pt\/2026\/02\/19\/prolicell-a-evolucao-da-biotecnologia-vegetal-na-cosmetica\/","og_locale":"pt_PT","og_type":"article","og_title":"ProliCell\u00ae: a evolu\u00e7\u00e3o da biotecnologia vegetal na cosm\u00e9tica - Emsa","og_description":"Descubre ProliCell\u00ae, la tecnolog\u00eda de ACTV basada en cultivo celular vegetal, exosomas y small RNAs cuantificados para cosm\u00e9tica sostenible.","og_url":"https:\/\/emsaquimica.com\/pt-pt\/2026\/02\/19\/prolicell-a-evolucao-da-biotecnologia-vegetal-na-cosmetica\/","og_site_name":"Emsa","article_published_time":"2026-02-19T09:58:39+00:00","article_modified_time":"2026-02-19T11:25:59+00:00","og_image":[{"width":1600,"height":1100,"url":"https:\/\/emsaquimica.com\/wp-content\/uploads\/2026\/02\/BLOG-portada.png","type":"image\/png"}],"author":"Marina Gimenez","twitter_card":"summary_large_image","twitter_misc":{"Escrito por":"Marina Gimenez","Tempo estimado de leitura":"3 minutos"},"schema":{"@context":"https:\/\/schema.org","@graph":[{"@type":"Article","@id":"https:\/\/emsaquimica.com\/pt-pt\/2026\/02\/19\/prolicell-a-evolucao-da-biotecnologia-vegetal-na-cosmetica\/#article","isPartOf":{"@id":"https:\/\/emsaquimica.com\/pt-pt\/2026\/02\/19\/prolicell-a-evolucao-da-biotecnologia-vegetal-na-cosmetica\/"},"author":{"name":"Marina Gimenez","@id":"https:\/\/emsaquimica.com\/pt-pt\/#\/schema\/person\/427369c3666537b67fa259fbe589383e"},"headline":"ProliCell\u00ae: a evolu\u00e7\u00e3o da biotecnologia vegetal na cosm\u00e9tica","datePublished":"2026-02-19T09:58:39+00:00","dateModified":"2026-02-19T11:25:59+00:00","mainEntityOfPage":{"@id":"https:\/\/emsaquimica.com\/pt-pt\/2026\/02\/19\/prolicell-a-evolucao-da-biotecnologia-vegetal-na-cosmetica\/"},"wordCount":646,"commentCount":0,"publisher":{"@id":"https:\/\/emsaquimica.com\/pt-pt\/#organization"},"image":{"@id":"https:\/\/emsaquimica.com\/pt-pt\/2026\/02\/19\/prolicell-a-evolucao-da-biotecnologia-vegetal-na-cosmetica\/#primaryimage"},"thumbnailUrl":"https:\/\/emsaquimica.com\/wp-content\/uploads\/2026\/02\/BLOG-portada.png","articleSection":["GENERAL","PERFORMANCE CHEMICALS","PRODUCTOS","REPRESENTADAS"],"inLanguage":"pt-PT","potentialAction":[{"@type":"CommentAction","name":"Comment","target":["https:\/\/emsaquimica.com\/pt-pt\/2026\/02\/19\/prolicell-a-evolucao-da-biotecnologia-vegetal-na-cosmetica\/#respond"]}]},{"@type":"WebPage","@id":"https:\/\/emsaquimica.com\/pt-pt\/2026\/02\/19\/prolicell-a-evolucao-da-biotecnologia-vegetal-na-cosmetica\/","url":"https:\/\/emsaquimica.com\/pt-pt\/2026\/02\/19\/prolicell-a-evolucao-da-biotecnologia-vegetal-na-cosmetica\/","name":"ProliCell\u00ae: a evolu\u00e7\u00e3o da biotecnologia vegetal na cosm\u00e9tica - Emsa","isPartOf":{"@id":"https:\/\/emsaquimica.com\/pt-pt\/#website"},"primaryImageOfPage":{"@id":"https:\/\/emsaquimica.com\/pt-pt\/2026\/02\/19\/prolicell-a-evolucao-da-biotecnologia-vegetal-na-cosmetica\/#primaryimage"},"image":{"@id":"https:\/\/emsaquimica.com\/pt-pt\/2026\/02\/19\/prolicell-a-evolucao-da-biotecnologia-vegetal-na-cosmetica\/#primaryimage"},"thumbnailUrl":"https:\/\/emsaquimica.com\/wp-content\/uploads\/2026\/02\/BLOG-portada.png","datePublished":"2026-02-19T09:58:39+00:00","dateModified":"2026-02-19T11:25:59+00:00","description":"Descubre ProliCell\u00ae, la tecnolog\u00eda de ACTV basada en cultivo celular vegetal, exosomas y small RNAs cuantificados para cosm\u00e9tica sostenible.","breadcrumb":{"@id":"https:\/\/emsaquimica.com\/pt-pt\/2026\/02\/19\/prolicell-a-evolucao-da-biotecnologia-vegetal-na-cosmetica\/#breadcrumb"},"inLanguage":"pt-PT","potentialAction":[{"@type":"ReadAction","target":["https:\/\/emsaquimica.com\/pt-pt\/2026\/02\/19\/prolicell-a-evolucao-da-biotecnologia-vegetal-na-cosmetica\/"]}]},{"@type":"ImageObject","inLanguage":"pt-PT","@id":"https:\/\/emsaquimica.com\/pt-pt\/2026\/02\/19\/prolicell-a-evolucao-da-biotecnologia-vegetal-na-cosmetica\/#primaryimage","url":"https:\/\/emsaquimica.com\/wp-content\/uploads\/2026\/02\/BLOG-portada.png","contentUrl":"https:\/\/emsaquimica.com\/wp-content\/uploads\/2026\/02\/BLOG-portada.png","width":1600,"height":1100,"caption":"ProliCell\u00ae: la evoluci\u00f3n de la biotecnolog\u00eda vegetal en cosm\u00e9tica"},{"@type":"BreadcrumbList","@id":"https:\/\/emsaquimica.com\/pt-pt\/2026\/02\/19\/prolicell-a-evolucao-da-biotecnologia-vegetal-na-cosmetica\/#breadcrumb","itemListElement":[{"@type":"ListItem","position":1,"name":"Portada","item":"https:\/\/emsaquimica.com\/pt-pt\/"},{"@type":"ListItem","position":2,"name":"ProliCell\u00ae: a evolu\u00e7\u00e3o da biotecnologia vegetal na cosm\u00e9tica"}]},{"@type":"WebSite","@id":"https:\/\/emsaquimica.com\/pt-pt\/#website","url":"https:\/\/emsaquimica.com\/pt-pt\/","name":"Emsa","description":"Committed Chemistry","publisher":{"@id":"https:\/\/emsaquimica.com\/pt-pt\/#organization"},"potentialAction":[{"@type":"SearchAction","target":{"@type":"EntryPoint","urlTemplate":"https:\/\/emsaquimica.com\/pt-pt\/?s={search_term_string}"},"query-input":{"@type":"PropertyValueSpecification","valueRequired":true,"valueName":"search_term_string"}}],"inLanguage":"pt-PT"},{"@type":"Organization","@id":"https:\/\/emsaquimica.com\/pt-pt\/#organization","name":"Emsa","url":"https:\/\/emsaquimica.com\/pt-pt\/","logo":{"@type":"ImageObject","inLanguage":"pt-PT","@id":"https:\/\/emsaquimica.com\/pt-pt\/#\/schema\/logo\/image\/","url":"https:\/\/emsaquimica.com\/wp-content\/uploads\/2021\/11\/Logo-Emsa.svg","contentUrl":"https:\/\/emsaquimica.com\/wp-content\/uploads\/2021\/11\/Logo-Emsa.svg","width":200,"height":50,"caption":"Emsa"},"image":{"@id":"https:\/\/emsaquimica.com\/pt-pt\/#\/schema\/logo\/image\/"}},{"@type":"Person","@id":"https:\/\/emsaquimica.com\/pt-pt\/#\/schema\/person\/427369c3666537b67fa259fbe589383e","name":"Marina Gimenez","image":{"@type":"ImageObject","inLanguage":"pt-PT","@id":"https:\/\/secure.gravatar.com\/avatar\/7365793a639fec663494da5659c4827908ce37ec91282bd0a3e1d40c78193cd3?s=96&d=mm&r=g","url":"https:\/\/secure.gravatar.com\/avatar\/7365793a639fec663494da5659c4827908ce37ec91282bd0a3e1d40c78193cd3?s=96&d=mm&r=g","contentUrl":"https:\/\/secure.gravatar.com\/avatar\/7365793a639fec663494da5659c4827908ce37ec91282bd0a3e1d40c78193cd3?s=96&d=mm&r=g","caption":"Marina Gimenez"},"url":"https:\/\/emsaquimica.com\/pt-pt\/author\/mgimenezemsaquimica-com\/"}]}},"_links":{"self":[{"href":"https:\/\/emsaquimica.com\/pt-pt\/wp-json\/wp\/v2\/posts\/15398","targetHints":{"allow":["GET"]}}],"collection":[{"href":"https:\/\/emsaquimica.com\/pt-pt\/wp-json\/wp\/v2\/posts"}],"about":[{"href":"https:\/\/emsaquimica.com\/pt-pt\/wp-json\/wp\/v2\/types\/post"}],"author":[{"embeddable":true,"href":"https:\/\/emsaquimica.com\/pt-pt\/wp-json\/wp\/v2\/users\/12"}],"replies":[{"embeddable":true,"href":"https:\/\/emsaquimica.com\/pt-pt\/wp-json\/wp\/v2\/comments?post=15398"}],"version-history":[{"count":2,"href":"https:\/\/emsaquimica.com\/pt-pt\/wp-json\/wp\/v2\/posts\/15398\/revisions"}],"predecessor-version":[{"id":15400,"href":"https:\/\/emsaquimica.com\/pt-pt\/wp-json\/wp\/v2\/posts\/15398\/revisions\/15400"}],"wp:featuredmedia":[{"embeddable":true,"href":"https:\/\/emsaquimica.com\/pt-pt\/wp-json\/wp\/v2\/media\/15387"}],"wp:attachment":[{"href":"https:\/\/emsaquimica.com\/pt-pt\/wp-json\/wp\/v2\/media?parent=15398"}],"wp:term":[{"taxonomy":"category","embeddable":true,"href":"https:\/\/emsaquimica.com\/pt-pt\/wp-json\/wp\/v2\/categories?post=15398"},{"taxonomy":"post_tag","embeddable":true,"href":"https:\/\/emsaquimica.com\/pt-pt\/wp-json\/wp\/v2\/tags?post=15398"}],"curies":[{"name":"wp","href":"https:\/\/api.w.org\/{rel}","templated":true}]}}