{"id":15503,"date":"2026-04-22T15:58:18","date_gmt":"2026-04-22T13:58:18","guid":{"rendered":"https:\/\/emsaquimica.com\/?p=15503"},"modified":"2026-04-22T16:04:58","modified_gmt":"2026-04-22T14:04:58","slug":"a-alma-das-coisas-sant-jordi-2026","status":"publish","type":"post","link":"https:\/\/emsaquimica.com\/pt-pt\/2026\/04\/22\/a-alma-das-coisas-sant-jordi-2026\/","title":{"rendered":"A alma das coisas &#8211; Sant Jordi 2026"},"content":{"rendered":"<h2><span style=\"color: #62b5e5;\">A alma das coisas<\/span><\/h2>\n<p><em>Um relato da Emsa para a sua equipa<\/em><\/p>\n<p data-start=\"170\" data-end=\"433\">Era uma vez uma aldeia que ningu\u00e9m sabia exatamente como nomear.<br data-start=\"234\" data-end=\"237\" \/>N\u00e3o aparecia nos mapas, n\u00e3o tinha monumentos nem est\u00e1tuas nas suas pra\u00e7as.<br data-start=\"311\" data-end=\"314\" \/>Mas, se olhasses com aten\u00e7\u00e3o \u2014nas coisas que usamos todos os dias\u2014, encontravas o seu rasto em todo o lado.<\/p>\n<p data-start=\"435\" data-end=\"475\">Porque eles guardavam a alma das coisas.<\/p>\n<p data-start=\"477\" data-end=\"682\">O segredo de um creme suave, a ess\u00eancia de uma tinta que perdura, a raiz invis\u00edvel do p\u00e3o que alimenta, da cor que brilha, dos v\u00ednculos que resistem. Tudo aquilo que n\u00e3o se v\u00ea, mas que torna tudo poss\u00edvel.<\/p>\n<p data-start=\"684\" data-end=\"844\">Os habitantes dessa aldeia n\u00e3o faziam as coisas.<br data-start=\"732\" data-end=\"735\" \/>Tornavam poss\u00edvel que as coisas fossem o que s\u00e3o.<br data-start=\"784\" data-end=\"787\" \/>E com o tempo compreenderam que isso tamb\u00e9m era uma arte.<\/p>\n<p data-start=\"846\" data-end=\"1143\">O que os tornava especiais n\u00e3o era um segredo guardado, mas algo muito mais valioso: conheciam-se uns aos outros.<br data-start=\"959\" data-end=\"962\" \/>Cada um tinha a sua linguagem, a sua forma de ver o mundo. Mas quando se encontravam, algo acontecia.<br data-start=\"1063\" data-end=\"1066\" \/>As respostas surgiam antes mesmo de as perguntas serem totalmente formuladas.<\/p>\n<p data-start=\"1145\" data-end=\"1203\">Ningu\u00e9m constru\u00eda sozinho.<br data-start=\"1171\" data-end=\"1174\" \/>E essa era a sua maior for\u00e7a.<\/p>\n<p data-start=\"1205\" data-end=\"1231\">Mas um dia, o mundo mudou.<\/p>\n<p data-start=\"1233\" data-end=\"1389\">O que antes funcionava deixou de ser suficiente.<br data-start=\"1281\" data-end=\"1284\" \/>Surgiram novas necessidades sem nome, materiais ainda por descobrir, desafios que ningu\u00e9m tinha previsto.<\/p>\n<p data-start=\"1391\" data-end=\"1423\">Houve d\u00favidas.<br data-start=\"1405\" data-end=\"1408\" \/>Houve sil\u00eancio.<\/p>\n<p data-start=\"1425\" data-end=\"1494\">E ent\u00e3o fizeram a \u00fanica coisa que sabiam fazer bem: trabalhar juntos.<\/p>\n<p data-start=\"1496\" data-end=\"1775\">Ouvir. Partilhar. Construir a partir do que cada um sabia.<br data-start=\"1554\" data-end=\"1557\" \/>Quem conhecia um caminho partilhou o que tinha aprendido.<br data-start=\"1614\" data-end=\"1617\" \/>Quem tinha viajado longe trouxe novas formas de ver.<br data-start=\"1669\" data-end=\"1672\" \/>E quem nunca tinha sa\u00eddo da aldeia trouxe algo igualmente valioso: a mem\u00f3ria de tudo o que tinham sido.<\/p>\n<p data-start=\"1777\" data-end=\"1929\">Juntos, onde antes havia uma pergunta sem resposta, come\u00e7ou a ganhar forma algo novo. E juntos, onde antes havia incerteza, come\u00e7ou a crescer algo novo.<\/p>\n<p data-start=\"1931\" data-end=\"2127\">Descobriram que reinventar-se n\u00e3o era deixar de ser, mas compreender melhor para que existiam.<br data-start=\"2025\" data-end=\"2028\" \/>A alma das coisas n\u00e3o tinha desaparecido.<br data-start=\"2069\" data-end=\"2072\" \/>S\u00f3 era preciso aprender a encontr\u00e1-la em novos lugares.<\/p>\n<p data-start=\"2129\" data-end=\"2264\">Com o passar dos anos, a aldeia cresceu.<br data-start=\"2169\" data-end=\"2172\" \/>Atravessou fronteiras, aprendeu outras l\u00ednguas, novas formas de resolver os mesmos desafios.<\/p>\n<p data-start=\"2266\" data-end=\"2384\">E voltava sempre com algo mais: conhecimento partilhado.<br data-start=\"2322\" data-end=\"2325\" \/>Porque entenderam que quanto mais se partilha, mais cresce.<\/p>\n<p data-start=\"2386\" data-end=\"2492\">Hoje, se perguntares nessa aldeia qual \u00e9 o seu ingrediente mais valioso, ningu\u00e9m te falar\u00e1 de subst\u00e2ncias.<\/p>\n<p data-start=\"2494\" data-end=\"2513\">Falar\u00e3o de pessoas.<\/p>\n<p data-start=\"2515\" data-end=\"2595\">E ter\u00e3o raz\u00e3o.<br data-start=\"2529\" data-end=\"2532\" \/>Porque sem elas, tudo o resto continuaria a ser apenas mat\u00e9ria.<\/p>\n<p data-start=\"2597\" data-end=\"2642\">S\u00e3o as pessoas que guardam a alma das coisas.<\/p>\n<p data-start=\"2644\" data-end=\"2805\"><em>Feliz Sant Jordi, de toda a equipa da EmsaTecnolog\u00eda Qu\u00edmica. H\u00e1 mais de 40 anos que somos a ess\u00eancia invis\u00edvel daquilo que outros criam. E fazemos isso juntos.<\/em><\/p>\n","protected":false},"excerpt":{"rendered":"<p>Uma aldeia sem nome guarda a alma das coisas: o invis\u00edvel que torna tudo poss\u00edvel. Atrav\u00e9s da colabora\u00e7\u00e3o e do conhecimento partilhado, as suas pessoas transformam desafios em solu\u00e7\u00f5es h\u00e1 mais de 40 anos.<\/p>\n","protected":false},"author":12,"featured_media":15519,"comment_status":"open","ping_status":"open","sticky":false,"template":"","format":"standard","meta":{"_acf_changed":false,"footnotes":""},"categories":[113,104],"tags":[],"class_list":["post-15503","post","type-post","status-publish","format-standard","has-post-thumbnail","hentry","category-emsa-team-pt-pt","category-general-pt-pt"],"acf":[],"yoast_head":"<!-- This site is optimized with the Yoast SEO plugin v27.3 - https:\/\/yoast.com\/product\/yoast-seo-wordpress\/ -->\n<title>A alma das coisas - Sant Jordi 2026 - Emsa<\/title>\n<meta name=\"description\" content=\"Um relato sobre colabora\u00e7\u00e3o, conhecimento partilhado e como as pessoas s\u00e3o a ess\u00eancia invis\u00edvel de tudo o que nos rodeia. A EMSA torna isso poss\u00edvel h\u00e1 mais de 40 anos.\" \/>\n<meta name=\"robots\" content=\"index, follow, max-snippet:-1, max-image-preview:large, max-video-preview:-1\" \/>\n<link rel=\"canonical\" href=\"https:\/\/emsaquimica.com\/pt-pt\/2026\/04\/22\/a-alma-das-coisas-sant-jordi-2026\/\" \/>\n<meta property=\"og:locale\" content=\"pt_PT\" \/>\n<meta property=\"og:type\" content=\"article\" \/>\n<meta property=\"og:title\" content=\"A alma das coisas - Sant Jordi 2026 - Emsa\" \/>\n<meta property=\"og:description\" content=\"Um relato sobre colabora\u00e7\u00e3o, conhecimento partilhado e como as pessoas s\u00e3o a ess\u00eancia invis\u00edvel de tudo o que nos rodeia. A EMSA torna isso poss\u00edvel h\u00e1 mais de 40 anos.\" \/>\n<meta property=\"og:url\" content=\"https:\/\/emsaquimica.com\/pt-pt\/2026\/04\/22\/a-alma-das-coisas-sant-jordi-2026\/\" \/>\n<meta property=\"og:site_name\" content=\"Emsa\" \/>\n<meta property=\"article:published_time\" content=\"2026-04-22T13:58:18+00:00\" \/>\n<meta property=\"article:modified_time\" content=\"2026-04-22T14:04:58+00:00\" \/>\n<meta property=\"og:image\" content=\"https:\/\/emsaquimica.com\/wp-content\/uploads\/2026\/04\/BLOG-portada-5-1024x704.png\" \/>\n\t<meta property=\"og:image:width\" content=\"1024\" \/>\n\t<meta property=\"og:image:height\" content=\"704\" \/>\n\t<meta property=\"og:image:type\" content=\"image\/png\" \/>\n<meta name=\"author\" content=\"Marina Gimenez\" \/>\n<meta name=\"twitter:card\" content=\"summary_large_image\" \/>\n<meta name=\"twitter:label1\" content=\"Escrito por\" \/>\n\t<meta name=\"twitter:data1\" content=\"Marina Gimenez\" \/>\n\t<meta name=\"twitter:label2\" content=\"Tempo estimado de leitura\" \/>\n\t<meta name=\"twitter:data2\" content=\"3 minutos\" \/>\n<script type=\"application\/ld+json\" class=\"yoast-schema-graph\">{\"@context\":\"https:\\\/\\\/schema.org\",\"@graph\":[{\"@type\":\"Article\",\"@id\":\"https:\\\/\\\/emsaquimica.com\\\/pt-pt\\\/2026\\\/04\\\/22\\\/a-alma-das-coisas-sant-jordi-2026\\\/#article\",\"isPartOf\":{\"@id\":\"https:\\\/\\\/emsaquimica.com\\\/pt-pt\\\/2026\\\/04\\\/22\\\/a-alma-das-coisas-sant-jordi-2026\\\/\"},\"author\":{\"name\":\"Marina Gimenez\",\"@id\":\"https:\\\/\\\/emsaquimica.com\\\/pt-pt\\\/#\\\/schema\\\/person\\\/427369c3666537b67fa259fbe589383e\"},\"headline\":\"A alma das coisas &#8211; Sant Jordi 2026\",\"datePublished\":\"2026-04-22T13:58:18+00:00\",\"dateModified\":\"2026-04-22T14:04:58+00:00\",\"mainEntityOfPage\":{\"@id\":\"https:\\\/\\\/emsaquimica.com\\\/pt-pt\\\/2026\\\/04\\\/22\\\/a-alma-das-coisas-sant-jordi-2026\\\/\"},\"wordCount\":490,\"commentCount\":0,\"publisher\":{\"@id\":\"https:\\\/\\\/emsaquimica.com\\\/pt-pt\\\/#organization\"},\"image\":{\"@id\":\"https:\\\/\\\/emsaquimica.com\\\/pt-pt\\\/2026\\\/04\\\/22\\\/a-alma-das-coisas-sant-jordi-2026\\\/#primaryimage\"},\"thumbnailUrl\":\"https:\\\/\\\/emsaquimica.com\\\/wp-content\\\/uploads\\\/2026\\\/04\\\/BLOG-portada-5.png\",\"articleSection\":[\"EMSA TEAM\",\"GENERAL\"],\"inLanguage\":\"pt-PT\",\"potentialAction\":[{\"@type\":\"CommentAction\",\"name\":\"Comment\",\"target\":[\"https:\\\/\\\/emsaquimica.com\\\/pt-pt\\\/2026\\\/04\\\/22\\\/a-alma-das-coisas-sant-jordi-2026\\\/#respond\"]}]},{\"@type\":\"WebPage\",\"@id\":\"https:\\\/\\\/emsaquimica.com\\\/pt-pt\\\/2026\\\/04\\\/22\\\/a-alma-das-coisas-sant-jordi-2026\\\/\",\"url\":\"https:\\\/\\\/emsaquimica.com\\\/pt-pt\\\/2026\\\/04\\\/22\\\/a-alma-das-coisas-sant-jordi-2026\\\/\",\"name\":\"A alma das coisas - Sant Jordi 2026 - Emsa\",\"isPartOf\":{\"@id\":\"https:\\\/\\\/emsaquimica.com\\\/pt-pt\\\/#website\"},\"primaryImageOfPage\":{\"@id\":\"https:\\\/\\\/emsaquimica.com\\\/pt-pt\\\/2026\\\/04\\\/22\\\/a-alma-das-coisas-sant-jordi-2026\\\/#primaryimage\"},\"image\":{\"@id\":\"https:\\\/\\\/emsaquimica.com\\\/pt-pt\\\/2026\\\/04\\\/22\\\/a-alma-das-coisas-sant-jordi-2026\\\/#primaryimage\"},\"thumbnailUrl\":\"https:\\\/\\\/emsaquimica.com\\\/wp-content\\\/uploads\\\/2026\\\/04\\\/BLOG-portada-5.png\",\"datePublished\":\"2026-04-22T13:58:18+00:00\",\"dateModified\":\"2026-04-22T14:04:58+00:00\",\"description\":\"Um relato sobre colabora\u00e7\u00e3o, conhecimento partilhado e como as pessoas s\u00e3o a ess\u00eancia invis\u00edvel de tudo o que nos rodeia. A EMSA torna isso poss\u00edvel h\u00e1 mais de 40 anos.\",\"breadcrumb\":{\"@id\":\"https:\\\/\\\/emsaquimica.com\\\/pt-pt\\\/2026\\\/04\\\/22\\\/a-alma-das-coisas-sant-jordi-2026\\\/#breadcrumb\"},\"inLanguage\":\"pt-PT\",\"potentialAction\":[{\"@type\":\"ReadAction\",\"target\":[\"https:\\\/\\\/emsaquimica.com\\\/pt-pt\\\/2026\\\/04\\\/22\\\/a-alma-das-coisas-sant-jordi-2026\\\/\"]}]},{\"@type\":\"ImageObject\",\"inLanguage\":\"pt-PT\",\"@id\":\"https:\\\/\\\/emsaquimica.com\\\/pt-pt\\\/2026\\\/04\\\/22\\\/a-alma-das-coisas-sant-jordi-2026\\\/#primaryimage\",\"url\":\"https:\\\/\\\/emsaquimica.com\\\/wp-content\\\/uploads\\\/2026\\\/04\\\/BLOG-portada-5.png\",\"contentUrl\":\"https:\\\/\\\/emsaquimica.com\\\/wp-content\\\/uploads\\\/2026\\\/04\\\/BLOG-portada-5.png\",\"width\":1600,\"height\":1100},{\"@type\":\"BreadcrumbList\",\"@id\":\"https:\\\/\\\/emsaquimica.com\\\/pt-pt\\\/2026\\\/04\\\/22\\\/a-alma-das-coisas-sant-jordi-2026\\\/#breadcrumb\",\"itemListElement\":[{\"@type\":\"ListItem\",\"position\":1,\"name\":\"Portada\",\"item\":\"https:\\\/\\\/emsaquimica.com\\\/pt-pt\\\/\"},{\"@type\":\"ListItem\",\"position\":2,\"name\":\"A alma das coisas &#8211; Sant Jordi 2026\"}]},{\"@type\":\"WebSite\",\"@id\":\"https:\\\/\\\/emsaquimica.com\\\/pt-pt\\\/#website\",\"url\":\"https:\\\/\\\/emsaquimica.com\\\/pt-pt\\\/\",\"name\":\"Emsa\",\"description\":\"Committed Chemistry\",\"publisher\":{\"@id\":\"https:\\\/\\\/emsaquimica.com\\\/pt-pt\\\/#organization\"},\"potentialAction\":[{\"@type\":\"SearchAction\",\"target\":{\"@type\":\"EntryPoint\",\"urlTemplate\":\"https:\\\/\\\/emsaquimica.com\\\/pt-pt\\\/?s={search_term_string}\"},\"query-input\":{\"@type\":\"PropertyValueSpecification\",\"valueRequired\":true,\"valueName\":\"search_term_string\"}}],\"inLanguage\":\"pt-PT\"},{\"@type\":\"Organization\",\"@id\":\"https:\\\/\\\/emsaquimica.com\\\/pt-pt\\\/#organization\",\"name\":\"Emsa\",\"url\":\"https:\\\/\\\/emsaquimica.com\\\/pt-pt\\\/\",\"logo\":{\"@type\":\"ImageObject\",\"inLanguage\":\"pt-PT\",\"@id\":\"https:\\\/\\\/emsaquimica.com\\\/pt-pt\\\/#\\\/schema\\\/logo\\\/image\\\/\",\"url\":\"https:\\\/\\\/emsaquimica.com\\\/wp-content\\\/uploads\\\/2021\\\/11\\\/Logo-Emsa.svg\",\"contentUrl\":\"https:\\\/\\\/emsaquimica.com\\\/wp-content\\\/uploads\\\/2021\\\/11\\\/Logo-Emsa.svg\",\"width\":200,\"height\":50,\"caption\":\"Emsa\"},\"image\":{\"@id\":\"https:\\\/\\\/emsaquimica.com\\\/pt-pt\\\/#\\\/schema\\\/logo\\\/image\\\/\"}},{\"@type\":\"Person\",\"@id\":\"https:\\\/\\\/emsaquimica.com\\\/pt-pt\\\/#\\\/schema\\\/person\\\/427369c3666537b67fa259fbe589383e\",\"name\":\"Marina Gimenez\",\"image\":{\"@type\":\"ImageObject\",\"inLanguage\":\"pt-PT\",\"@id\":\"https:\\\/\\\/secure.gravatar.com\\\/avatar\\\/7365793a639fec663494da5659c4827908ce37ec91282bd0a3e1d40c78193cd3?s=96&d=mm&r=g\",\"url\":\"https:\\\/\\\/secure.gravatar.com\\\/avatar\\\/7365793a639fec663494da5659c4827908ce37ec91282bd0a3e1d40c78193cd3?s=96&d=mm&r=g\",\"contentUrl\":\"https:\\\/\\\/secure.gravatar.com\\\/avatar\\\/7365793a639fec663494da5659c4827908ce37ec91282bd0a3e1d40c78193cd3?s=96&d=mm&r=g\",\"caption\":\"Marina Gimenez\"},\"url\":\"https:\\\/\\\/emsaquimica.com\\\/pt-pt\\\/author\\\/mgimenezemsaquimica-com\\\/\"}]}<\/script>\n<!-- \/ Yoast SEO plugin. -->","yoast_head_json":{"title":"A alma das coisas - Sant Jordi 2026 - Emsa","description":"Um relato sobre colabora\u00e7\u00e3o, conhecimento partilhado e como as pessoas s\u00e3o a ess\u00eancia invis\u00edvel de tudo o que nos rodeia. A EMSA torna isso poss\u00edvel h\u00e1 mais de 40 anos.","robots":{"index":"index","follow":"follow","max-snippet":"max-snippet:-1","max-image-preview":"max-image-preview:large","max-video-preview":"max-video-preview:-1"},"canonical":"https:\/\/emsaquimica.com\/pt-pt\/2026\/04\/22\/a-alma-das-coisas-sant-jordi-2026\/","og_locale":"pt_PT","og_type":"article","og_title":"A alma das coisas - Sant Jordi 2026 - Emsa","og_description":"Um relato sobre colabora\u00e7\u00e3o, conhecimento partilhado e como as pessoas s\u00e3o a ess\u00eancia invis\u00edvel de tudo o que nos rodeia. A EMSA torna isso poss\u00edvel h\u00e1 mais de 40 anos.","og_url":"https:\/\/emsaquimica.com\/pt-pt\/2026\/04\/22\/a-alma-das-coisas-sant-jordi-2026\/","og_site_name":"Emsa","article_published_time":"2026-04-22T13:58:18+00:00","article_modified_time":"2026-04-22T14:04:58+00:00","og_image":[{"width":1024,"height":704,"url":"https:\/\/emsaquimica.com\/wp-content\/uploads\/2026\/04\/BLOG-portada-5-1024x704.png","type":"image\/png"}],"author":"Marina Gimenez","twitter_card":"summary_large_image","twitter_misc":{"Escrito por":"Marina Gimenez","Tempo estimado de leitura":"3 minutos"},"schema":{"@context":"https:\/\/schema.org","@graph":[{"@type":"Article","@id":"https:\/\/emsaquimica.com\/pt-pt\/2026\/04\/22\/a-alma-das-coisas-sant-jordi-2026\/#article","isPartOf":{"@id":"https:\/\/emsaquimica.com\/pt-pt\/2026\/04\/22\/a-alma-das-coisas-sant-jordi-2026\/"},"author":{"name":"Marina Gimenez","@id":"https:\/\/emsaquimica.com\/pt-pt\/#\/schema\/person\/427369c3666537b67fa259fbe589383e"},"headline":"A alma das coisas &#8211; Sant Jordi 2026","datePublished":"2026-04-22T13:58:18+00:00","dateModified":"2026-04-22T14:04:58+00:00","mainEntityOfPage":{"@id":"https:\/\/emsaquimica.com\/pt-pt\/2026\/04\/22\/a-alma-das-coisas-sant-jordi-2026\/"},"wordCount":490,"commentCount":0,"publisher":{"@id":"https:\/\/emsaquimica.com\/pt-pt\/#organization"},"image":{"@id":"https:\/\/emsaquimica.com\/pt-pt\/2026\/04\/22\/a-alma-das-coisas-sant-jordi-2026\/#primaryimage"},"thumbnailUrl":"https:\/\/emsaquimica.com\/wp-content\/uploads\/2026\/04\/BLOG-portada-5.png","articleSection":["EMSA TEAM","GENERAL"],"inLanguage":"pt-PT","potentialAction":[{"@type":"CommentAction","name":"Comment","target":["https:\/\/emsaquimica.com\/pt-pt\/2026\/04\/22\/a-alma-das-coisas-sant-jordi-2026\/#respond"]}]},{"@type":"WebPage","@id":"https:\/\/emsaquimica.com\/pt-pt\/2026\/04\/22\/a-alma-das-coisas-sant-jordi-2026\/","url":"https:\/\/emsaquimica.com\/pt-pt\/2026\/04\/22\/a-alma-das-coisas-sant-jordi-2026\/","name":"A alma das coisas - Sant Jordi 2026 - Emsa","isPartOf":{"@id":"https:\/\/emsaquimica.com\/pt-pt\/#website"},"primaryImageOfPage":{"@id":"https:\/\/emsaquimica.com\/pt-pt\/2026\/04\/22\/a-alma-das-coisas-sant-jordi-2026\/#primaryimage"},"image":{"@id":"https:\/\/emsaquimica.com\/pt-pt\/2026\/04\/22\/a-alma-das-coisas-sant-jordi-2026\/#primaryimage"},"thumbnailUrl":"https:\/\/emsaquimica.com\/wp-content\/uploads\/2026\/04\/BLOG-portada-5.png","datePublished":"2026-04-22T13:58:18+00:00","dateModified":"2026-04-22T14:04:58+00:00","description":"Um relato sobre colabora\u00e7\u00e3o, conhecimento partilhado e como as pessoas s\u00e3o a ess\u00eancia invis\u00edvel de tudo o que nos rodeia. A EMSA torna isso poss\u00edvel h\u00e1 mais de 40 anos.","breadcrumb":{"@id":"https:\/\/emsaquimica.com\/pt-pt\/2026\/04\/22\/a-alma-das-coisas-sant-jordi-2026\/#breadcrumb"},"inLanguage":"pt-PT","potentialAction":[{"@type":"ReadAction","target":["https:\/\/emsaquimica.com\/pt-pt\/2026\/04\/22\/a-alma-das-coisas-sant-jordi-2026\/"]}]},{"@type":"ImageObject","inLanguage":"pt-PT","@id":"https:\/\/emsaquimica.com\/pt-pt\/2026\/04\/22\/a-alma-das-coisas-sant-jordi-2026\/#primaryimage","url":"https:\/\/emsaquimica.com\/wp-content\/uploads\/2026\/04\/BLOG-portada-5.png","contentUrl":"https:\/\/emsaquimica.com\/wp-content\/uploads\/2026\/04\/BLOG-portada-5.png","width":1600,"height":1100},{"@type":"BreadcrumbList","@id":"https:\/\/emsaquimica.com\/pt-pt\/2026\/04\/22\/a-alma-das-coisas-sant-jordi-2026\/#breadcrumb","itemListElement":[{"@type":"ListItem","position":1,"name":"Portada","item":"https:\/\/emsaquimica.com\/pt-pt\/"},{"@type":"ListItem","position":2,"name":"A alma das coisas &#8211; Sant Jordi 2026"}]},{"@type":"WebSite","@id":"https:\/\/emsaquimica.com\/pt-pt\/#website","url":"https:\/\/emsaquimica.com\/pt-pt\/","name":"Emsa","description":"Committed Chemistry","publisher":{"@id":"https:\/\/emsaquimica.com\/pt-pt\/#organization"},"potentialAction":[{"@type":"SearchAction","target":{"@type":"EntryPoint","urlTemplate":"https:\/\/emsaquimica.com\/pt-pt\/?s={search_term_string}"},"query-input":{"@type":"PropertyValueSpecification","valueRequired":true,"valueName":"search_term_string"}}],"inLanguage":"pt-PT"},{"@type":"Organization","@id":"https:\/\/emsaquimica.com\/pt-pt\/#organization","name":"Emsa","url":"https:\/\/emsaquimica.com\/pt-pt\/","logo":{"@type":"ImageObject","inLanguage":"pt-PT","@id":"https:\/\/emsaquimica.com\/pt-pt\/#\/schema\/logo\/image\/","url":"https:\/\/emsaquimica.com\/wp-content\/uploads\/2021\/11\/Logo-Emsa.svg","contentUrl":"https:\/\/emsaquimica.com\/wp-content\/uploads\/2021\/11\/Logo-Emsa.svg","width":200,"height":50,"caption":"Emsa"},"image":{"@id":"https:\/\/emsaquimica.com\/pt-pt\/#\/schema\/logo\/image\/"}},{"@type":"Person","@id":"https:\/\/emsaquimica.com\/pt-pt\/#\/schema\/person\/427369c3666537b67fa259fbe589383e","name":"Marina Gimenez","image":{"@type":"ImageObject","inLanguage":"pt-PT","@id":"https:\/\/secure.gravatar.com\/avatar\/7365793a639fec663494da5659c4827908ce37ec91282bd0a3e1d40c78193cd3?s=96&d=mm&r=g","url":"https:\/\/secure.gravatar.com\/avatar\/7365793a639fec663494da5659c4827908ce37ec91282bd0a3e1d40c78193cd3?s=96&d=mm&r=g","contentUrl":"https:\/\/secure.gravatar.com\/avatar\/7365793a639fec663494da5659c4827908ce37ec91282bd0a3e1d40c78193cd3?s=96&d=mm&r=g","caption":"Marina Gimenez"},"url":"https:\/\/emsaquimica.com\/pt-pt\/author\/mgimenezemsaquimica-com\/"}]}},"_links":{"self":[{"href":"https:\/\/emsaquimica.com\/pt-pt\/wp-json\/wp\/v2\/posts\/15503","targetHints":{"allow":["GET"]}}],"collection":[{"href":"https:\/\/emsaquimica.com\/pt-pt\/wp-json\/wp\/v2\/posts"}],"about":[{"href":"https:\/\/emsaquimica.com\/pt-pt\/wp-json\/wp\/v2\/types\/post"}],"author":[{"embeddable":true,"href":"https:\/\/emsaquimica.com\/pt-pt\/wp-json\/wp\/v2\/users\/12"}],"replies":[{"embeddable":true,"href":"https:\/\/emsaquimica.com\/pt-pt\/wp-json\/wp\/v2\/comments?post=15503"}],"version-history":[{"count":3,"href":"https:\/\/emsaquimica.com\/pt-pt\/wp-json\/wp\/v2\/posts\/15503\/revisions"}],"predecessor-version":[{"id":15567,"href":"https:\/\/emsaquimica.com\/pt-pt\/wp-json\/wp\/v2\/posts\/15503\/revisions\/15567"}],"wp:featuredmedia":[{"embeddable":true,"href":"https:\/\/emsaquimica.com\/pt-pt\/wp-json\/wp\/v2\/media\/15519"}],"wp:attachment":[{"href":"https:\/\/emsaquimica.com\/pt-pt\/wp-json\/wp\/v2\/media?parent=15503"}],"wp:term":[{"taxonomy":"category","embeddable":true,"href":"https:\/\/emsaquimica.com\/pt-pt\/wp-json\/wp\/v2\/categories?post=15503"},{"taxonomy":"post_tag","embeddable":true,"href":"https:\/\/emsaquimica.com\/pt-pt\/wp-json\/wp\/v2\/tags?post=15503"}],"curies":[{"name":"wp","href":"https:\/\/api.w.org\/{rel}","templated":true}]}}