{"id":15923,"date":"2026-09-01T15:45:52","date_gmt":"2026-09-01T13:45:52","guid":{"rendered":"https:\/\/emsaquimica.com\/?p=15923"},"modified":"2026-09-01T16:26:43","modified_gmt":"2026-09-01T14:26:43","slug":"prolicell-baicare-foliculo-piloso","status":"publish","type":"post","link":"https:\/\/emsaquimica.com\/pt-pt\/2026\/09\/01\/prolicell-baicare-foliculo-piloso\/","title":{"rendered":"ProliCell\u00ae BaiCare: quando o foco volta ao fol\u00edculo piloso"},"content":{"rendered":"<p class=\"PDq2pG_selectionAnchorContainer\" data-start=\"89\" data-end=\"221\">Nos cuidados capilares, muitas solu\u00e7\u00f5es concentram-se no resultado vis\u00edvel: o cabelo. Mais brilho, mais densidade, mais crescimento.<\/p>\n<p data-start=\"223\" data-end=\"363\">Mas existe uma quest\u00e3o mais importante: <strong data-start=\"263\" data-end=\"363\">o que est\u00e1 a acontecer no fol\u00edculo piloso para que esse crescimento ocorra\u2026 ou deixe de ocorrer?<\/strong><\/p>\n<p data-start=\"365\" data-end=\"591\">Hoje sabemos que, quando o fol\u00edculo perde atividade, o cabelo deixa de responder. Isto implica uma mudan\u00e7a de abordagem: deixar de nos concentrarmos apenas na fibra capilar para atuar na origem do processo, o pr\u00f3prio fol\u00edculo.<\/p>\n<p data-start=\"593\" data-end=\"771\">Neste contexto, <a href=\"https:\/\/emsaquimica.com\/pt-pt\/productos\/prolicell-baicare-ativo-capilar\/\"><strong data-start=\"609\" data-end=\"631\">ProliCell\u00ae BaiCare<\/strong><\/a>, desenvolvido pela <a href=\"https:\/\/emsaquimica.com\/pt-pt\/proveedores\/actv\/\"><strong data-start=\"651\" data-end=\"673\">ACTV Biotechnology<\/strong><\/a>, representa uma nova gera\u00e7\u00e3o de ativos focados no cuidado e na funcionalidade do fol\u00edculo piloso.<\/p>\n<p data-start=\"773\" data-end=\"1004\">Ao contr\u00e1rio de ativos como ProliCell\u00ae Malva \u2014 mais focado na redu\u00e7\u00e3o da queda do cabelo \u2014 BaiCare atua diretamente sobre o estado e a funcionalidade do fol\u00edculo. Saiba mais sobre Malva <a href=\"https:\/\/emsaquimica.com\/pt-pt\/productos\/prolicell-malva\/\"><strong data-start=\"959\" data-end=\"1003\">aqui.<\/strong><\/a><\/p>\n<h3 class=\"PDq2pG_selectionAnchorContainer\" data-section-id=\"l61u44\" data-start=\"1006\" data-end=\"1039\"><span style=\"color: #62b5e5;\" role=\"text\"><strong data-start=\"1010\" data-end=\"1039\">O que diferencia BaiCare?<\/strong><\/span><\/h3>\n<p data-start=\"1041\" data-end=\"1170\"><a href=\"https:\/\/emsaquimica.com\/pt-pt\/productos\/prolicell-baicare-ativo-capilar\/\">ProliCell\u00ae BaiCare<\/a> baseia-se na tecnologia ProliCell\u00ae, que combina c\u00e9lulas estaminais vegetais com exossomas ricos em small RNAs.<\/p>\n<p data-start=\"1172\" data-end=\"1297\">Os small RNAs s\u00e3o fragmentos que ajudam a regular a express\u00e3o g\u00e9nica, ou seja, podem influenciar o comportamento das c\u00e9lulas.<\/p>\n<p data-start=\"1299\" data-end=\"1508\">Neste caso, a <a href=\"https:\/\/emsaquimica.com\/pt-pt\/proveedores\/actv\/\">ACTV<\/a> vai mais longe: os small RNAs n\u00e3o s\u00e3o apenas incorporados, mas tamb\u00e9m analisados e quantificados para identificar aqueles que apresentam maior relev\u00e2ncia para a atividade do fol\u00edculo piloso.<\/p>\n<p data-start=\"1510\" data-end=\"1665\">Esta abordagem permite trabalhar com um ativo mais preciso e direcionado, concebido para modular os processos biol\u00f3gicos envolvidos no crescimento capilar.<\/p>\n<p><img fetchpriority=\"high\" decoding=\"async\" class=\" wp-image-15907\" src=\"https:\/\/emsaquimica.com\/wp-content\/uploads\/2026\/09\/Captura-de-pantalla-2026-09-01-123357-300x154.png\" alt=\"ProliCell\u00ae BaiCare: cuando el foco vuelve al fol\u00edculo piloso\" width=\"456\" height=\"234\" srcset=\"https:\/\/emsaquimica.com\/wp-content\/uploads\/2026\/09\/Captura-de-pantalla-2026-09-01-123357-300x154.png 300w, https:\/\/emsaquimica.com\/wp-content\/uploads\/2026\/09\/Captura-de-pantalla-2026-09-01-123357.png 700w\" sizes=\"(max-width: 456px) 100vw, 456px\" \/><\/p>\n<h3 class=\"PDq2pG_selectionAnchorContainer\" data-section-id=\"1w8prpj\" data-start=\"1681\" data-end=\"1741\"><span style=\"color: #62b5e5;\" role=\"text\"><strong data-start=\"1685\" data-end=\"1741\">O que acontece no fol\u00edculo quando aplicamos BaiCare?<\/strong><\/span><\/h3>\n<p data-start=\"1743\" data-end=\"1879\">A efic\u00e1cia de <a href=\"https:\/\/emsaquimica.com\/pt-pt\/productos\/prolicell-baicare-ativo-capilar\/\">ProliCell\u00ae BaiCare<\/a> baseia-se na sua capacidade de atuar sobre os principais mecanismos que determinam a sa\u00fade do fol\u00edculo:<\/p>\n<p data-start=\"1881\" data-end=\"1919\"><strong data-start=\"1881\" data-end=\"1919\">1. Ativa\u00e7\u00e3o do crescimento capilar<\/strong><\/p>\n<p data-start=\"1921\" data-end=\"2029\">Reativa vias-chave como Wnt\/\u03b2-catenina e Sonic Hedgehog, relacionadas com o in\u00edcio do crescimento do cabelo.<\/p>\n<p data-start=\"2031\" data-end=\"2072\"><strong data-start=\"2031\" data-end=\"2072\">2. Regula\u00e7\u00e3o do ambiente inflamat\u00f3rio<\/strong><\/p>\n<p data-start=\"2074\" data-end=\"2172\">Reduz sinais associados ao stress e \u00e0 inflama\u00e7\u00e3o que podem interferir com a atividade do fol\u00edculo.<\/p>\n<p data-start=\"2174\" data-end=\"2208\"><strong data-start=\"2174\" data-end=\"2208\">3. Melhoria da microcircula\u00e7\u00e3o<\/strong><\/p>\n<p data-start=\"2210\" data-end=\"2323\">Favorece o aporte de oxig\u00e9nio e nutrientes atrav\u00e9s da estimula\u00e7\u00e3o de processos relacionados com a vasculariza\u00e7\u00e3o.<\/p>\n<p data-start=\"2325\" data-end=\"2362\"><strong data-start=\"2325\" data-end=\"2362\">4. Suporte estrutural do fol\u00edculo<\/strong><\/p>\n<p data-start=\"2364\" data-end=\"2486\">Melhora a viabilidade das c\u00e9lulas envolvidas no crescimento capilar, contribuindo para um fol\u00edculo mais ativo e funcional.<\/p>\n<h3 data-section-id=\"1w48h5s\" data-start=\"2488\" data-end=\"2538\"><span style=\"color: #62b5e5;\" role=\"text\"><strong data-start=\"2492\" data-end=\"2538\">Resultados vis\u00edveis com ProliCell\u00aeBaiCare<\/strong><\/span><\/h3>\n<p data-start=\"2540\" data-end=\"2653\">A efic\u00e1cia desta abordagem foi avaliada em estudos realizados durante 90 dias em volunt\u00e1rios com queda de cabelo:<\/p>\n<ul data-start=\"2655\" data-end=\"2889\">\n<li data-section-id=\"n8qlye\" data-start=\"2655\" data-end=\"2694\">Redu\u00e7\u00e3o da queda do cabelo em <strong data-start=\"2687\" data-end=\"2694\">75%<\/strong><\/li>\n<li data-section-id=\"qzgg8a\" data-start=\"2695\" data-end=\"2735\">Aumento da densidade capilar em <strong data-start=\"2729\" data-end=\"2735\">6%<\/strong><\/li>\n<li data-section-id=\"1xoq479\" data-start=\"2736\" data-end=\"2843\">Melhoria do equil\u00edbrio do ciclo capilar, com mais cabelos na fase de crescimento e menos na fase de queda<\/li>\n<li data-section-id=\"1s6liiu\" data-start=\"2844\" data-end=\"2889\">Cabelo mais forte e com melhor aspeto geral<\/li>\n<\/ul>\n<h3 data-section-id=\"va74o4\" data-start=\"2891\" data-end=\"2934\"><span style=\"color: #62b5e5;\" role=\"text\"><strong data-start=\"2895\" data-end=\"2934\">Aplica\u00e7\u00f5es em formula\u00e7\u00f5es capilares<\/strong><\/span><\/h3>\n<p data-start=\"2936\" data-end=\"3053\">Gra\u00e7as ao seu perfil de atividade, <a href=\"https:\/\/emsaquimica.com\/pt-pt\/productos\/prolicell-baicare-ativo-capilar\/\">ProliCell\u00ae BaiCare<\/a> pode ser incorporado em diferentes tipos de produtos capilares:<\/p>\n<ul data-start=\"3055\" data-end=\"3154\">\n<li data-section-id=\"1g52qre\" data-start=\"3055\" data-end=\"3073\">S\u00e9runs capilares<\/li>\n<li data-section-id=\"3l7pux\" data-start=\"3074\" data-end=\"3105\">T\u00f3nicos para o couro cabeludo<\/li>\n<li data-section-id=\"10k4ozy\" data-start=\"3106\" data-end=\"3125\">Champ\u00f4s antiqueda<\/li>\n<li data-section-id=\"1sde4xm\" data-start=\"3126\" data-end=\"3154\">Tratamentos fortalecedores<\/li>\n<\/ul>\n<p data-start=\"3156\" data-end=\"3234\">O ativo \u00e9 habitualmente utilizado em formula\u00e7\u00f5es em concentra\u00e7\u00f5es de <strong data-start=\"3225\" data-end=\"3233\">2\u20135%<\/strong>.<\/p>\n<h3 data-section-id=\"5fs0ds\" data-start=\"3236\" data-end=\"3285\"><span style=\"color: #62b5e5;\" role=\"text\"><strong data-start=\"3240\" data-end=\"3285\">Uma nova abordagem aos cuidados capilares<\/strong><\/span><\/h3>\n<p data-start=\"3287\" data-end=\"3492\"><a href=\"https:\/\/emsaquimica.com\/pt-pt\/productos\/prolicell-baicare-ativo-capilar\/\">ProliCell\u00ae BaiCare<\/a> reflete uma evolu\u00e7\u00e3o no desenvolvimento de ativos capilares: passar de simplesmente estimular o crescimento para criar as condi\u00e7\u00f5es necess\u00e1rias para que o fol\u00edculo funcione corretamente.<\/p>\n<p data-start=\"3494\" data-end=\"3617\">Uma abordagem mais completa, centrada na origem do processo e alinhada com o conhecimento atual sobre a biologia do cabelo.<\/p>\n<p data-start=\"3619\" data-end=\"3768\">Saiba mais sobre <a href=\"https:\/\/emsaquimica.com\/pt-pt\/productos\/prolicell-baicare-ativo-capilar\/\"><strong data-start=\"3636\" data-end=\"3658\">ProliCell\u00ae BaiCare<\/strong><\/a> e as suas aplica\u00e7\u00f5es em formula\u00e7\u00e3o visitando a nossa p\u00e1gina de produto ou contactando a nossa equipa t\u00e9cnica.<\/p>\n<h5><span style=\"color: #62b5e5;\"><strong>Vamos discutir o assunto!<\/strong><\/span><\/h5>\n<div class=\"elementor-element elementor-element-3ba0aff elementor-widget elementor-widget-heading\" data-id=\"3ba0aff\" data-element_type=\"widget\" data-widget_type=\"heading.default\">\n<div class=\"elementor-widget-container\">\n<p class=\"elementor-heading-title elementor-size-default\"><img decoding=\"async\" class=\"wp-image-15179 size-full alignleft\" src=\"https:\/\/emsaquimica.com\/wp-content\/uploads\/2026\/01\/WEB_116x116px.png\" alt=\"Carles Puig - Emsa Tecnolog\u00eda Qu\u00edmica\" width=\"116\" height=\"116\" \/><strong>Carles Puig<\/strong><\/p>\n<\/div>\n<\/div>\n<div class=\"elementor-widget-container\">\n<p class=\"elementor-heading-title elementor-size-default\">PRODUCT MANAGER: COSM\u00c9TICA<\/p>\n<\/div>\n<div class=\"elementor-element elementor-element-69f4878 elementor-align-left elementor-icon-list--layout-traditional elementor-list-item-link-full_width elementor-widget elementor-widget-icon-list\" data-id=\"69f4878\" data-element_type=\"widget\" data-widget_type=\"icon-list.default\">\n<div class=\"elementor-widget-container\">\n<p><i class=\"fas fa-phone-alt\" aria-hidden=\"true\"><\/i><span class=\"elementor-icon-list-text\">\u00a0(+34)\u00a0<span data-teams=\"true\">638 348 843<\/span><\/span><\/p>\n<p><i class=\"fas fa-envelope\" aria-hidden=\"true\"><\/i><a href=\"https:\/\/emsaquimica.com\/2026\/02\/19\/prolicell-la-evolucion-de-la-biotecnologia-vegetal-en-cosmetica\/cpuig@emsaquimica.com\"><span class=\"elementor-icon-list-text\">\u00a0cpuig@emsaquimica.com<\/span><\/a><\/p>\n<\/div>\n<\/div>\n","protected":false},"excerpt":{"rendered":"<p>ProliCell\u00ae BaiCare combina c\u00e9lulas estaminais vegetais e small RNAs para apoiar a funcionalidade do fol\u00edculo piloso, favorecer o crescimento capilar e contribuir para reduzir a queda do cabelo.<\/p>\n","protected":false},"author":12,"featured_media":15913,"comment_status":"open","ping_status":"open","sticky":false,"template":"","format":"standard","meta":{"_acf_changed":false,"footnotes":""},"categories":[104,91,94],"tags":[],"class_list":["post-15923","post","type-post","status-publish","format-standard","has-post-thumbnail","hentry","category-general-pt-pt","category-performance-chemicals-pt-pt","category-representadas-pt-pt"],"acf":[],"yoast_head":"<!-- This site is optimized with the Yoast SEO plugin v28.3 - https:\/\/yoast.com\/product\/yoast-seo-wordpress\/ -->\n<title>ProliCell\u00ae BaiCare: uma nova abordagem ao fol\u00edculo piloso | Emsa<\/title>\n<meta name=\"description\" content=\"Descubra como ProliCell\u00ae BaiCare combina c\u00e9lulas estaminais vegetais e small RNAs para apoiar o fol\u00edculo piloso, reduzir a queda e favorecer o crescimento capilar.\" \/>\n<meta name=\"robots\" content=\"index, follow, max-snippet:-1, max-image-preview:large, max-video-preview:-1\" \/>\n<link rel=\"canonical\" href=\"https:\/\/emsaquimica.com\/pt-pt\/2026\/09\/01\/prolicell-baicare-foliculo-piloso\/\" \/>\n<meta property=\"og:locale\" content=\"pt_PT\" \/>\n<meta property=\"og:type\" content=\"article\" \/>\n<meta property=\"og:title\" content=\"ProliCell\u00ae BaiCare: uma nova abordagem ao fol\u00edculo piloso | Emsa\" \/>\n<meta property=\"og:description\" content=\"Descubra como ProliCell\u00ae BaiCare combina c\u00e9lulas estaminais vegetais e small RNAs para apoiar o fol\u00edculo piloso, reduzir a queda e favorecer o crescimento capilar.\" \/>\n<meta property=\"og:url\" content=\"https:\/\/emsaquimica.com\/pt-pt\/2026\/09\/01\/prolicell-baicare-foliculo-piloso\/\" \/>\n<meta property=\"og:site_name\" content=\"Emsa\" \/>\n<meta property=\"article:published_time\" content=\"2026-09-01T13:45:52+00:00\" \/>\n<meta property=\"article:modified_time\" content=\"2026-09-01T14:26:43+00:00\" \/>\n<meta property=\"og:image\" content=\"https:\/\/emsaquimica.com\/wp-content\/uploads\/2026\/09\/BLOG-portada-1-1024x704.png\" \/>\n\t<meta property=\"og:image:width\" content=\"1024\" \/>\n\t<meta property=\"og:image:height\" content=\"704\" \/>\n\t<meta property=\"og:image:type\" content=\"image\/png\" \/>\n<meta name=\"author\" content=\"Marina Gimenez\" \/>\n<meta name=\"twitter:card\" content=\"summary_large_image\" \/>\n<meta name=\"twitter:label1\" content=\"Escrito por\" \/>\n\t<meta name=\"twitter:data1\" content=\"Marina Gimenez\" \/>\n\t<meta name=\"twitter:label2\" content=\"Tempo estimado de leitura\" \/>\n\t<meta name=\"twitter:data2\" content=\"4 minutos\" \/>\n<script type=\"application\/ld+json\" class=\"yoast-schema-graph\">{\"@context\":\"https:\\\/\\\/schema.org\",\"@graph\":[{\"@type\":\"Article\",\"@id\":\"https:\\\/\\\/emsaquimica.com\\\/pt-pt\\\/2026\\\/09\\\/01\\\/prolicell-baicare-foliculo-piloso\\\/#article\",\"isPartOf\":{\"@id\":\"https:\\\/\\\/emsaquimica.com\\\/pt-pt\\\/2026\\\/09\\\/01\\\/prolicell-baicare-foliculo-piloso\\\/\"},\"author\":{\"name\":\"Marina Gimenez\",\"@id\":\"https:\\\/\\\/emsaquimica.com\\\/pt-pt\\\/#\\\/schema\\\/person\\\/427369c3666537b67fa259fbe589383e\"},\"headline\":\"ProliCell\u00ae BaiCare: quando o foco volta ao fol\u00edculo piloso\",\"datePublished\":\"2026-09-01T13:45:52+00:00\",\"dateModified\":\"2026-09-01T14:26:43+00:00\",\"mainEntityOfPage\":{\"@id\":\"https:\\\/\\\/emsaquimica.com\\\/pt-pt\\\/2026\\\/09\\\/01\\\/prolicell-baicare-foliculo-piloso\\\/\"},\"wordCount\":595,\"commentCount\":0,\"publisher\":{\"@id\":\"https:\\\/\\\/emsaquimica.com\\\/pt-pt\\\/#organization\"},\"image\":{\"@id\":\"https:\\\/\\\/emsaquimica.com\\\/pt-pt\\\/2026\\\/09\\\/01\\\/prolicell-baicare-foliculo-piloso\\\/#primaryimage\"},\"thumbnailUrl\":\"https:\\\/\\\/emsaquimica.com\\\/wp-content\\\/uploads\\\/2026\\\/09\\\/BLOG-portada-1.png\",\"articleSection\":[\"GENERAL\",\"PERFORMANCE CHEMICALS\",\"REPRESENTADAS\"],\"inLanguage\":\"pt-PT\",\"potentialAction\":[{\"@type\":\"CommentAction\",\"name\":\"Comment\",\"target\":[\"https:\\\/\\\/emsaquimica.com\\\/pt-pt\\\/2026\\\/09\\\/01\\\/prolicell-baicare-foliculo-piloso\\\/#respond\"]}]},{\"@type\":\"WebPage\",\"@id\":\"https:\\\/\\\/emsaquimica.com\\\/pt-pt\\\/2026\\\/09\\\/01\\\/prolicell-baicare-foliculo-piloso\\\/\",\"url\":\"https:\\\/\\\/emsaquimica.com\\\/pt-pt\\\/2026\\\/09\\\/01\\\/prolicell-baicare-foliculo-piloso\\\/\",\"name\":\"ProliCell\u00ae BaiCare: uma nova abordagem ao fol\u00edculo piloso | Emsa\",\"isPartOf\":{\"@id\":\"https:\\\/\\\/emsaquimica.com\\\/pt-pt\\\/#website\"},\"primaryImageOfPage\":{\"@id\":\"https:\\\/\\\/emsaquimica.com\\\/pt-pt\\\/2026\\\/09\\\/01\\\/prolicell-baicare-foliculo-piloso\\\/#primaryimage\"},\"image\":{\"@id\":\"https:\\\/\\\/emsaquimica.com\\\/pt-pt\\\/2026\\\/09\\\/01\\\/prolicell-baicare-foliculo-piloso\\\/#primaryimage\"},\"thumbnailUrl\":\"https:\\\/\\\/emsaquimica.com\\\/wp-content\\\/uploads\\\/2026\\\/09\\\/BLOG-portada-1.png\",\"datePublished\":\"2026-09-01T13:45:52+00:00\",\"dateModified\":\"2026-09-01T14:26:43+00:00\",\"description\":\"Descubra como ProliCell\u00ae BaiCare combina c\u00e9lulas estaminais vegetais e small RNAs para apoiar o fol\u00edculo piloso, reduzir a queda e favorecer o crescimento capilar.\",\"breadcrumb\":{\"@id\":\"https:\\\/\\\/emsaquimica.com\\\/pt-pt\\\/2026\\\/09\\\/01\\\/prolicell-baicare-foliculo-piloso\\\/#breadcrumb\"},\"inLanguage\":\"pt-PT\",\"potentialAction\":[{\"@type\":\"ReadAction\",\"target\":[\"https:\\\/\\\/emsaquimica.com\\\/pt-pt\\\/2026\\\/09\\\/01\\\/prolicell-baicare-foliculo-piloso\\\/\"]}]},{\"@type\":\"ImageObject\",\"inLanguage\":\"pt-PT\",\"@id\":\"https:\\\/\\\/emsaquimica.com\\\/pt-pt\\\/2026\\\/09\\\/01\\\/prolicell-baicare-foliculo-piloso\\\/#primaryimage\",\"url\":\"https:\\\/\\\/emsaquimica.com\\\/wp-content\\\/uploads\\\/2026\\\/09\\\/BLOG-portada-1.png\",\"contentUrl\":\"https:\\\/\\\/emsaquimica.com\\\/wp-content\\\/uploads\\\/2026\\\/09\\\/BLOG-portada-1.png\",\"width\":1600,\"height\":1100,\"caption\":\"ProliCell\u00ae BaiCare ativo cosm\u00e9tico para o cuidado do fol\u00edculo piloso\"},{\"@type\":\"BreadcrumbList\",\"@id\":\"https:\\\/\\\/emsaquimica.com\\\/pt-pt\\\/2026\\\/09\\\/01\\\/prolicell-baicare-foliculo-piloso\\\/#breadcrumb\",\"itemListElement\":[{\"@type\":\"ListItem\",\"position\":1,\"name\":\"Portada\",\"item\":\"https:\\\/\\\/emsaquimica.com\\\/pt-pt\\\/\"},{\"@type\":\"ListItem\",\"position\":2,\"name\":\"ProliCell\u00ae BaiCare: quando o foco volta ao fol\u00edculo piloso\"}]},{\"@type\":\"WebSite\",\"@id\":\"https:\\\/\\\/emsaquimica.com\\\/pt-pt\\\/#website\",\"url\":\"https:\\\/\\\/emsaquimica.com\\\/pt-pt\\\/\",\"name\":\"Emsa\",\"description\":\"Committed Chemistry\",\"publisher\":{\"@id\":\"https:\\\/\\\/emsaquimica.com\\\/pt-pt\\\/#organization\"},\"potentialAction\":[{\"@type\":\"SearchAction\",\"target\":{\"@type\":\"EntryPoint\",\"urlTemplate\":\"https:\\\/\\\/emsaquimica.com\\\/pt-pt\\\/?s={search_term_string}\"},\"query-input\":{\"@type\":\"PropertyValueSpecification\",\"valueRequired\":true,\"valueName\":\"search_term_string\"}}],\"inLanguage\":\"pt-PT\"},{\"@type\":\"Organization\",\"@id\":\"https:\\\/\\\/emsaquimica.com\\\/pt-pt\\\/#organization\",\"name\":\"Emsa\",\"url\":\"https:\\\/\\\/emsaquimica.com\\\/pt-pt\\\/\",\"logo\":{\"@type\":\"ImageObject\",\"inLanguage\":\"pt-PT\",\"@id\":\"https:\\\/\\\/emsaquimica.com\\\/pt-pt\\\/#\\\/schema\\\/logo\\\/image\\\/\",\"url\":\"https:\\\/\\\/emsaquimica.com\\\/wp-content\\\/uploads\\\/2021\\\/11\\\/Logo-Emsa.svg\",\"contentUrl\":\"https:\\\/\\\/emsaquimica.com\\\/wp-content\\\/uploads\\\/2021\\\/11\\\/Logo-Emsa.svg\",\"width\":200,\"height\":50,\"caption\":\"Emsa\"},\"image\":{\"@id\":\"https:\\\/\\\/emsaquimica.com\\\/pt-pt\\\/#\\\/schema\\\/logo\\\/image\\\/\"}},{\"@type\":\"Person\",\"@id\":\"https:\\\/\\\/emsaquimica.com\\\/pt-pt\\\/#\\\/schema\\\/person\\\/427369c3666537b67fa259fbe589383e\",\"name\":\"Marina Gimenez\",\"image\":{\"@type\":\"ImageObject\",\"inLanguage\":\"pt-PT\",\"@id\":\"https:\\\/\\\/secure.gravatar.com\\\/avatar\\\/7365793a639fec663494da5659c4827908ce37ec91282bd0a3e1d40c78193cd3?s=96&d=mm&r=g\",\"url\":\"https:\\\/\\\/secure.gravatar.com\\\/avatar\\\/7365793a639fec663494da5659c4827908ce37ec91282bd0a3e1d40c78193cd3?s=96&d=mm&r=g\",\"contentUrl\":\"https:\\\/\\\/secure.gravatar.com\\\/avatar\\\/7365793a639fec663494da5659c4827908ce37ec91282bd0a3e1d40c78193cd3?s=96&d=mm&r=g\",\"caption\":\"Marina Gimenez\"},\"url\":\"https:\\\/\\\/emsaquimica.com\\\/pt-pt\\\/author\\\/mgimenezemsaquimica-com\\\/\"}]}<\/script>\n<!-- \/ Yoast SEO plugin. -->","yoast_head_json":{"title":"ProliCell\u00ae BaiCare: uma nova abordagem ao fol\u00edculo piloso | Emsa","description":"Descubra como ProliCell\u00ae BaiCare combina c\u00e9lulas estaminais vegetais e small RNAs para apoiar o fol\u00edculo piloso, reduzir a queda e favorecer o crescimento capilar.","robots":{"index":"index","follow":"follow","max-snippet":"max-snippet:-1","max-image-preview":"max-image-preview:large","max-video-preview":"max-video-preview:-1"},"canonical":"https:\/\/emsaquimica.com\/pt-pt\/2026\/09\/01\/prolicell-baicare-foliculo-piloso\/","og_locale":"pt_PT","og_type":"article","og_title":"ProliCell\u00ae BaiCare: uma nova abordagem ao fol\u00edculo piloso | Emsa","og_description":"Descubra como ProliCell\u00ae BaiCare combina c\u00e9lulas estaminais vegetais e small RNAs para apoiar o fol\u00edculo piloso, reduzir a queda e favorecer o crescimento capilar.","og_url":"https:\/\/emsaquimica.com\/pt-pt\/2026\/09\/01\/prolicell-baicare-foliculo-piloso\/","og_site_name":"Emsa","article_published_time":"2026-09-01T13:45:52+00:00","article_modified_time":"2026-09-01T14:26:43+00:00","og_image":[{"width":1024,"height":704,"url":"https:\/\/emsaquimica.com\/wp-content\/uploads\/2026\/09\/BLOG-portada-1-1024x704.png","type":"image\/png"}],"author":"Marina Gimenez","twitter_card":"summary_large_image","twitter_misc":{"Escrito por":"Marina Gimenez","Tempo estimado de leitura":"4 minutos"},"schema":{"@context":"https:\/\/schema.org","@graph":[{"@type":"Article","@id":"https:\/\/emsaquimica.com\/pt-pt\/2026\/09\/01\/prolicell-baicare-foliculo-piloso\/#article","isPartOf":{"@id":"https:\/\/emsaquimica.com\/pt-pt\/2026\/09\/01\/prolicell-baicare-foliculo-piloso\/"},"author":{"name":"Marina Gimenez","@id":"https:\/\/emsaquimica.com\/pt-pt\/#\/schema\/person\/427369c3666537b67fa259fbe589383e"},"headline":"ProliCell\u00ae BaiCare: quando o foco volta ao fol\u00edculo piloso","datePublished":"2026-09-01T13:45:52+00:00","dateModified":"2026-09-01T14:26:43+00:00","mainEntityOfPage":{"@id":"https:\/\/emsaquimica.com\/pt-pt\/2026\/09\/01\/prolicell-baicare-foliculo-piloso\/"},"wordCount":595,"commentCount":0,"publisher":{"@id":"https:\/\/emsaquimica.com\/pt-pt\/#organization"},"image":{"@id":"https:\/\/emsaquimica.com\/pt-pt\/2026\/09\/01\/prolicell-baicare-foliculo-piloso\/#primaryimage"},"thumbnailUrl":"https:\/\/emsaquimica.com\/wp-content\/uploads\/2026\/09\/BLOG-portada-1.png","articleSection":["GENERAL","PERFORMANCE CHEMICALS","REPRESENTADAS"],"inLanguage":"pt-PT","potentialAction":[{"@type":"CommentAction","name":"Comment","target":["https:\/\/emsaquimica.com\/pt-pt\/2026\/09\/01\/prolicell-baicare-foliculo-piloso\/#respond"]}]},{"@type":"WebPage","@id":"https:\/\/emsaquimica.com\/pt-pt\/2026\/09\/01\/prolicell-baicare-foliculo-piloso\/","url":"https:\/\/emsaquimica.com\/pt-pt\/2026\/09\/01\/prolicell-baicare-foliculo-piloso\/","name":"ProliCell\u00ae BaiCare: uma nova abordagem ao fol\u00edculo piloso | Emsa","isPartOf":{"@id":"https:\/\/emsaquimica.com\/pt-pt\/#website"},"primaryImageOfPage":{"@id":"https:\/\/emsaquimica.com\/pt-pt\/2026\/09\/01\/prolicell-baicare-foliculo-piloso\/#primaryimage"},"image":{"@id":"https:\/\/emsaquimica.com\/pt-pt\/2026\/09\/01\/prolicell-baicare-foliculo-piloso\/#primaryimage"},"thumbnailUrl":"https:\/\/emsaquimica.com\/wp-content\/uploads\/2026\/09\/BLOG-portada-1.png","datePublished":"2026-09-01T13:45:52+00:00","dateModified":"2026-09-01T14:26:43+00:00","description":"Descubra como ProliCell\u00ae BaiCare combina c\u00e9lulas estaminais vegetais e small RNAs para apoiar o fol\u00edculo piloso, reduzir a queda e favorecer o crescimento capilar.","breadcrumb":{"@id":"https:\/\/emsaquimica.com\/pt-pt\/2026\/09\/01\/prolicell-baicare-foliculo-piloso\/#breadcrumb"},"inLanguage":"pt-PT","potentialAction":[{"@type":"ReadAction","target":["https:\/\/emsaquimica.com\/pt-pt\/2026\/09\/01\/prolicell-baicare-foliculo-piloso\/"]}]},{"@type":"ImageObject","inLanguage":"pt-PT","@id":"https:\/\/emsaquimica.com\/pt-pt\/2026\/09\/01\/prolicell-baicare-foliculo-piloso\/#primaryimage","url":"https:\/\/emsaquimica.com\/wp-content\/uploads\/2026\/09\/BLOG-portada-1.png","contentUrl":"https:\/\/emsaquimica.com\/wp-content\/uploads\/2026\/09\/BLOG-portada-1.png","width":1600,"height":1100,"caption":"ProliCell\u00ae BaiCare ativo cosm\u00e9tico para o cuidado do fol\u00edculo piloso"},{"@type":"BreadcrumbList","@id":"https:\/\/emsaquimica.com\/pt-pt\/2026\/09\/01\/prolicell-baicare-foliculo-piloso\/#breadcrumb","itemListElement":[{"@type":"ListItem","position":1,"name":"Portada","item":"https:\/\/emsaquimica.com\/pt-pt\/"},{"@type":"ListItem","position":2,"name":"ProliCell\u00ae BaiCare: quando o foco volta ao fol\u00edculo piloso"}]},{"@type":"WebSite","@id":"https:\/\/emsaquimica.com\/pt-pt\/#website","url":"https:\/\/emsaquimica.com\/pt-pt\/","name":"Emsa","description":"Committed Chemistry","publisher":{"@id":"https:\/\/emsaquimica.com\/pt-pt\/#organization"},"potentialAction":[{"@type":"SearchAction","target":{"@type":"EntryPoint","urlTemplate":"https:\/\/emsaquimica.com\/pt-pt\/?s={search_term_string}"},"query-input":{"@type":"PropertyValueSpecification","valueRequired":true,"valueName":"search_term_string"}}],"inLanguage":"pt-PT"},{"@type":"Organization","@id":"https:\/\/emsaquimica.com\/pt-pt\/#organization","name":"Emsa","url":"https:\/\/emsaquimica.com\/pt-pt\/","logo":{"@type":"ImageObject","inLanguage":"pt-PT","@id":"https:\/\/emsaquimica.com\/pt-pt\/#\/schema\/logo\/image\/","url":"https:\/\/emsaquimica.com\/wp-content\/uploads\/2021\/11\/Logo-Emsa.svg","contentUrl":"https:\/\/emsaquimica.com\/wp-content\/uploads\/2021\/11\/Logo-Emsa.svg","width":200,"height":50,"caption":"Emsa"},"image":{"@id":"https:\/\/emsaquimica.com\/pt-pt\/#\/schema\/logo\/image\/"}},{"@type":"Person","@id":"https:\/\/emsaquimica.com\/pt-pt\/#\/schema\/person\/427369c3666537b67fa259fbe589383e","name":"Marina Gimenez","image":{"@type":"ImageObject","inLanguage":"pt-PT","@id":"https:\/\/secure.gravatar.com\/avatar\/7365793a639fec663494da5659c4827908ce37ec91282bd0a3e1d40c78193cd3?s=96&d=mm&r=g","url":"https:\/\/secure.gravatar.com\/avatar\/7365793a639fec663494da5659c4827908ce37ec91282bd0a3e1d40c78193cd3?s=96&d=mm&r=g","contentUrl":"https:\/\/secure.gravatar.com\/avatar\/7365793a639fec663494da5659c4827908ce37ec91282bd0a3e1d40c78193cd3?s=96&d=mm&r=g","caption":"Marina Gimenez"},"url":"https:\/\/emsaquimica.com\/pt-pt\/author\/mgimenezemsaquimica-com\/"}]}},"_links":{"self":[{"href":"https:\/\/emsaquimica.com\/pt-pt\/wp-json\/wp\/v2\/posts\/15923","targetHints":{"allow":["GET"]}}],"collection":[{"href":"https:\/\/emsaquimica.com\/pt-pt\/wp-json\/wp\/v2\/posts"}],"about":[{"href":"https:\/\/emsaquimica.com\/pt-pt\/wp-json\/wp\/v2\/types\/post"}],"author":[{"embeddable":true,"href":"https:\/\/emsaquimica.com\/pt-pt\/wp-json\/wp\/v2\/users\/12"}],"replies":[{"embeddable":true,"href":"https:\/\/emsaquimica.com\/pt-pt\/wp-json\/wp\/v2\/comments?post=15923"}],"version-history":[{"count":1,"href":"https:\/\/emsaquimica.com\/pt-pt\/wp-json\/wp\/v2\/posts\/15923\/revisions"}],"predecessor-version":[{"id":15924,"href":"https:\/\/emsaquimica.com\/pt-pt\/wp-json\/wp\/v2\/posts\/15923\/revisions\/15924"}],"wp:featuredmedia":[{"embeddable":true,"href":"https:\/\/emsaquimica.com\/pt-pt\/wp-json\/wp\/v2\/media\/15913"}],"wp:attachment":[{"href":"https:\/\/emsaquimica.com\/pt-pt\/wp-json\/wp\/v2\/media?parent=15923"}],"wp:term":[{"taxonomy":"category","embeddable":true,"href":"https:\/\/emsaquimica.com\/pt-pt\/wp-json\/wp\/v2\/categories?post=15923"},{"taxonomy":"post_tag","embeddable":true,"href":"https:\/\/emsaquimica.com\/pt-pt\/wp-json\/wp\/v2\/tags?post=15923"}],"curies":[{"name":"wp","href":"https:\/\/api.w.org\/{rel}","templated":true}]}}